{"id":231235,"date":"2025-10-03T18:25:41","date_gmt":"2025-10-04T01:25:41","guid":{"rendered":"https:\/\/rnoticias.com.mx\/Portal\/?p=231235"},"modified":"2025-10-03T18:25:41","modified_gmt":"2025-10-04T01:25:41","slug":"fomenta-gobierno-de-sonora-cultura-de-la-paz-y-no-violencia-secretaria-de-seguridad-publica","status":"publish","type":"post","link":"https:\/\/rnoticias.com.mx\/Portal\/2025\/10\/03\/fomenta-gobierno-de-sonora-cultura-de-la-paz-y-no-violencia-secretaria-de-seguridad-publica\/","title":{"rendered":"Fomenta Gobierno de Sonora cultura de la paz y no violencia: Secretar\u00eda de Seguridad P\u00fablica"},"content":{"rendered":"<p>Hermosillo, Sonora; 3 de octubre de 2025.- Como parte del trabajo diario para fomentar la cultura de la paz y la no violencia entre ni\u00f1as, ni\u00f1os y adolescentes, el Gobierno de Sonora imparte pl\u00e1ticas en escuelas.<\/p>\n<p>Este 2 de octubre, \u201cD\u00eda Internacional de la No Violencia\u201d, la Secretar\u00eda de Seguridad P\u00fablica (SSP) inform\u00f3 que la Divisi\u00f3n de Proximidad Ciudadana de la Polic\u00eda Estatal recorre planteles educativos del estado para visibilizar entre las y los menores la importancia de practicar valores como el respeto en su vida diaria.<\/p>\n<p>Con el programa Promotores de la Paz, la SSP Sonora trabaja en la formaci\u00f3n de agentes de cambio que rechacen toda forma de violencia y coadyuven en la generaci\u00f3n de entornos seguros en el hogar, la escuela y la comunidad.<\/p>\n<p>Durante las sesiones con las y los estudiantes se abordan temas relacionados con la prevenci\u00f3n de violencias como:<\/p>\n<p>\u2022 Maltrato animal.<\/p>\n<p>\u2022 Bullying.<\/p>\n<p>\u2022 Acoso.<\/p>\n<p>\u2022 Violencia digital.<\/p>\n<p>De igual forma, la Divisi\u00f3n de Proximidad Ciudadana de la Polic\u00eda Estatal impulsa actividades deportivas entre ni\u00f1as, ni\u00f1os y adolescentes, como una forma de sana convivencia y trabajo en equipo.<\/p>\n","protected":false},"excerpt":{"rendered":"<p>Hermosillo, Sonora; 3 de octubre de 2025.- Como parte del trabajo diario para fomentar la cultura de la paz y la no violencia entre ni\u00f1as, ni\u00f1os y adolescentes, el Gobierno de Sonora imparte pl\u00e1ticas en escuelas. Este 2 de octubre, \u201cD\u00eda Internacional de la No Violencia\u201d, la Secretar\u00eda de Seguridad P\u00fablica (SSP) inform\u00f3 que la [&hellip;]<\/p>\n","protected":false},"author":2,"featured_media":231236,"comment_status":"closed","ping_status":"closed","sticky":false,"template":"","format":"standard","meta":{"footnotes":""},"categories":[178],"tags":[12869],"class_list":["post-231235","post","type-post","status-publish","format-standard","has-post-thumbnail","hentry","category-local","tag-local"],"jetpack_featured_media_url":"https:\/\/rnoticias.com.mx\/Portal\/wp-content\/uploads\/2025\/10\/621.jpg","amp_enabled":true,"_links":{"self":[{"href":"https:\/\/rnoticias.com.mx\/Portal\/wp-json\/wp\/v2\/posts\/231235","targetHints":{"allow":["GET"]}}],"collection":[{"href":"https:\/\/rnoticias.com.mx\/Portal\/wp-json\/wp\/v2\/posts"}],"about":[{"href":"https:\/\/rnoticias.com.mx\/Portal\/wp-json\/wp\/v2\/types\/post"}],"author":[{"embeddable":true,"href":"https:\/\/rnoticias.com.mx\/Portal\/wp-json\/wp\/v2\/users\/2"}],"replies":[{"embeddable":true,"href":"https:\/\/rnoticias.com.mx\/Portal\/wp-json\/wp\/v2\/comments?post=231235"}],"version-history":[{"count":1,"href":"https:\/\/rnoticias.com.mx\/Portal\/wp-json\/wp\/v2\/posts\/231235\/revisions"}],"predecessor-version":[{"id":231237,"href":"https:\/\/rnoticias.com.mx\/Portal\/wp-json\/wp\/v2\/posts\/231235\/revisions\/231237"}],"wp:featuredmedia":[{"embeddable":true,"href":"https:\/\/rnoticias.com.mx\/Portal\/wp-json\/wp\/v2\/media\/231236"}],"wp:attachment":[{"href":"https:\/\/rnoticias.com.mx\/Portal\/wp-json\/wp\/v2\/media?parent=231235"}],"wp:term":[{"taxonomy":"category","embeddable":true,"href":"https:\/\/rnoticias.com.mx\/Portal\/wp-json\/wp\/v2\/categories?post=231235"},{"taxonomy":"post_tag","embeddable":true,"href":"https:\/\/rnoticias.com.mx\/Portal\/wp-json\/wp\/v2\/tags?post=231235"}],"curies":[{"name":"wp","href":"https:\/\/api.w.org\/{rel}","templated":true}]}}