{"id":231184,"date":"2025-10-03T17:44:52","date_gmt":"2025-10-04T00:44:52","guid":{"rendered":"https:\/\/rnoticias.com.mx\/Portal\/?p=231184"},"modified":"2025-10-03T17:44:52","modified_gmt":"2025-10-04T00:44:52","slug":"fundacion-ganfer-y-unison-ofrecen-talleres-basicos-de-computacion-para-mayores-de-40-anos","status":"publish","type":"post","link":"https:\/\/rnoticias.com.mx\/Portal\/2025\/10\/03\/fundacion-ganfer-y-unison-ofrecen-talleres-basicos-de-computacion-para-mayores-de-40-anos\/","title":{"rendered":"Fundaci\u00f3n Ganfer y Unison ofrecen talleres b\u00e1sicos de computaci\u00f3n para mayores de 40 a\u00f1os"},"content":{"rendered":"<p>La Fundaci\u00f3n Ganfer, a trav\u00e9s de su programa Mejoremos Nuestra Vida, en alianza con la Universidad de Sonora, abri\u00f3 la convocatoria para talleres de computaci\u00f3n dirigidos a personas mayores de 40 a\u00f1os.<\/p>\n<p>&nbsp;<\/p>\n<p>Ilse Carolina Amaya Quijada, auxiliar operativo de la fundaci\u00f3n, explic\u00f3 que los cursos forman parte del programa Amadeus, donde alumnos de Unison imparten clases como parte de su servicio social o voluntariado.<\/p>\n<p>&nbsp;<\/p>\n<p>\u201cActualmente tenemos cupo para 20 personas, ellas tienen 20 computadoras, est\u00e1n los alumnos con\u00a0cada una de las personas que se vayan inscribiendo, son tres, son clases sabatinas, son tres s\u00e1bados los\u00a0que van a recibir su clase y tenemos varios m\u00f3dulos, por ejemplo, el siguiente m\u00f3dulo es\u00a0este 11, 18, 25 de octubre y el segundo, el siguiente m\u00f3dulo ser\u00eda el primero, 8 y 15 de\u00a0noviembre\u201d, explic\u00f3.<\/p>\n<p>&nbsp;<\/p>\n<p>Los talleres de computaci\u00f3n se realizan en la Escuela de Unison, edificio 9I, laboratorio de comunicaci\u00f3n y servicios educativos, de 9:00 a 13:00 horas.<\/p>\n<p>&nbsp;<\/p>\n<p>Los interesados pueden inscribirse al tel\u00e9fono 6623 56 64 24 y a\u00f1adi\u00f3 que durante el curso las personas aprender\u00e1n desde el encendido del equipo, creaci\u00f3n de correo electr\u00f3nico y navegaci\u00f3n en internet, hasta el manejo b\u00e1sico de programas de oficina.<\/p>\n<p>&nbsp;<\/p>\n","protected":false},"excerpt":{"rendered":"<p>La Fundaci\u00f3n Ganfer, a trav\u00e9s de su programa Mejoremos Nuestra Vida, en alianza con la Universidad de Sonora, abri\u00f3 la convocatoria para talleres de computaci\u00f3n dirigidos a personas mayores de 40 a\u00f1os. &nbsp; Ilse Carolina Amaya Quijada, auxiliar operativo de la fundaci\u00f3n, explic\u00f3 que los cursos forman parte del programa Amadeus, donde alumnos de Unison [&hellip;]<\/p>\n","protected":false},"author":2,"featured_media":231185,"comment_status":"closed","ping_status":"closed","sticky":false,"template":"","format":"standard","meta":{"footnotes":""},"categories":[12870,178],"tags":[12865,12869],"class_list":["post-231184","post","type-post","status-publish","format-standard","has-post-thumbnail","hentry","category-destacadas","category-local","tag-destacadas","tag-local"],"jetpack_featured_media_url":"https:\/\/rnoticias.com.mx\/Portal\/wp-content\/uploads\/2025\/10\/422bdc70-cafd-4c90-ac3e-70d3d653b86b.jpeg","amp_enabled":true,"_links":{"self":[{"href":"https:\/\/rnoticias.com.mx\/Portal\/wp-json\/wp\/v2\/posts\/231184","targetHints":{"allow":["GET"]}}],"collection":[{"href":"https:\/\/rnoticias.com.mx\/Portal\/wp-json\/wp\/v2\/posts"}],"about":[{"href":"https:\/\/rnoticias.com.mx\/Portal\/wp-json\/wp\/v2\/types\/post"}],"author":[{"embeddable":true,"href":"https:\/\/rnoticias.com.mx\/Portal\/wp-json\/wp\/v2\/users\/2"}],"replies":[{"embeddable":true,"href":"https:\/\/rnoticias.com.mx\/Portal\/wp-json\/wp\/v2\/comments?post=231184"}],"version-history":[{"count":1,"href":"https:\/\/rnoticias.com.mx\/Portal\/wp-json\/wp\/v2\/posts\/231184\/revisions"}],"predecessor-version":[{"id":231186,"href":"https:\/\/rnoticias.com.mx\/Portal\/wp-json\/wp\/v2\/posts\/231184\/revisions\/231186"}],"wp:featuredmedia":[{"embeddable":true,"href":"https:\/\/rnoticias.com.mx\/Portal\/wp-json\/wp\/v2\/media\/231185"}],"wp:attachment":[{"href":"https:\/\/rnoticias.com.mx\/Portal\/wp-json\/wp\/v2\/media?parent=231184"}],"wp:term":[{"taxonomy":"category","embeddable":true,"href":"https:\/\/rnoticias.com.mx\/Portal\/wp-json\/wp\/v2\/categories?post=231184"},{"taxonomy":"post_tag","embeddable":true,"href":"https:\/\/rnoticias.com.mx\/Portal\/wp-json\/wp\/v2\/tags?post=231184"}],"curies":[{"name":"wp","href":"https:\/\/api.w.org\/{rel}","templated":true}]}}