{"id":231173,"date":"2025-10-03T16:49:03","date_gmt":"2025-10-03T23:49:03","guid":{"rendered":"https:\/\/rnoticias.com.mx\/Portal\/?p=231173"},"modified":"2025-10-03T16:49:03","modified_gmt":"2025-10-03T23:49:03","slug":"anuncia-tono-astiazaran-apertura-gradual-de-varios-tramos-en-la-obra-de-paso-desnivel","status":"publish","type":"post","link":"https:\/\/rnoticias.com.mx\/Portal\/2025\/10\/03\/anuncia-tono-astiazaran-apertura-gradual-de-varios-tramos-en-la-obra-de-paso-desnivel\/","title":{"rendered":"Anuncia To\u00f1o Astiazar\u00e1n apertura gradual de varios tramos en la obra de paso desnivel"},"content":{"rendered":"<p>Hermosillo, Sonora; 3 de octubre, 2025.- El presidente municipal, Antonio Astiazar\u00e1n Guti\u00e9rrez, inform\u00f3 que en las pr\u00f3ximas semanas se ir\u00e1n abriendo de manera paulatina tramos de algunas de las vialidades que se cerraron por los trabajos del paso desnivel de los bulevares Colosio y Solidaridad.<\/p>\n<p>En un recorrido por el \u00e1rea que lleva un 62 por ciento de avance, Astiazar\u00e1n Guti\u00e9rrez dijo que le es muy grato ver que poco a poco se empieza a recuperar la normalidad en el \u00e1rea, en beneficio principalmente de los comercios aleda\u00f1os al crucero.<\/p>\n<p>\u201cQuiero reiterar que es una obra que se va a terminar en los tiempos y con la calidad que nos propusimos y que, as\u00ed como hemos estado cerrando vialidades, como la gente tambi\u00e9n ha estado preguntando cu\u00e1nto tiempo es lo que vamos a estar trabajando y cerrando calles, tambi\u00e9n queremos darles la primicia de los primeros tramos que vamos a empezar a abrir\u201d, mencion\u00f3.<\/p>\n<p>El Presidente Municipal, dijo que estas son obras que generan molestias temporales para beneficios permanentes.<\/p>\n<p>Agreg\u00f3 que la informaci\u00f3n es adem\u00e1s para la gente de los comercios y los vecinos fraccionamientos que est\u00e1n viviendo desde adentro todo el proceso constructivo del paso a desnivel, quienes ya tendr\u00e1n m\u00e1s claridad de a partir de cu\u00e1ndo van a empezar a transitar ya sobre las vialidades nuevas.<\/p>\n<p>\u201cYo soy de las personas que creen que la obra p\u00fablica detona el desarrollo econ\u00f3mico de una ciudad y genera empleos, son 140 personas las est\u00e1n trabajando en este momento en esta obra, f\u00edjense en lo importante que es una obra de esta magnitud y por obviamente por eso lo celebramos\u201d, coment\u00f3.<\/p>\n<p>La obra del paso a desnivel de Colosio y Solidaridad incluye la modernizaci\u00f3n de 3 cruceros semaforizados, se reconstruir\u00e1n 3,000 metros lineales de ciclov\u00eda, contara con 15 sem\u00e1foros peatonales, para la protecci\u00f3n del peat\u00f3n, se sembrar\u00e1n m\u00e1s de 3 mil 900 especies de \u00e1rboles y arbustos y se construye un sistema pluvial para la captaci\u00f3n del agua de lluvia para su posterior utilizaci\u00f3n.<\/p>\n<p>Astart\u00e9 Corro Ruiz, titular de la Direcci\u00f3n de Desarrollo de Infraestructura, enfatiz\u00f3 que la pr\u00f3xima semana se realizar\u00e1n las libranzas para colocar de manera subterr\u00e1nea todo el cableado, incluido el de once empresas de servicios, m\u00e1s el de alumbrado p\u00fablico.<\/p>\n<p>En el recorrido estuvo acompa\u00f1ado por Astart\u00e9 Corro Ruiz, Directora General de Desarollo de Infraestructura y Gerardo Togawa, Director de Obras P\u00fablicas.<\/p>\n<p>Aperturas pr\u00f3ximas:<br \/>\n\u2022 14 octubre: Apertura de 2 carriles del cuerpo norte del bulevar Colosio entre Atardecer y Las Cruces.<br \/>\n\u2022 15 octubre: Apertura al tr\u00e1fico del cuerpo sur del bulevar Colosio entre Real de Minas y Real del Arco<br \/>\n\u2022 20 octubre: Apertura de carril nor-oriente del cuerpo norte del bulevar Colosio, Bol Sat\u00e9lite-Herradura.<br \/>\n\u2022 26 octubre: Apertura del bulevar Solidaridad, ambos cuerpos (frente a Plaza y Metrocentro).<\/p>\n","protected":false},"excerpt":{"rendered":"<p>Hermosillo, Sonora; 3 de octubre, 2025.- El presidente municipal, Antonio Astiazar\u00e1n Guti\u00e9rrez, inform\u00f3 que en las pr\u00f3ximas semanas se ir\u00e1n abriendo de manera paulatina tramos de algunas de las vialidades que se cerraron por los trabajos del paso desnivel de los bulevares Colosio y Solidaridad. En un recorrido por el \u00e1rea que lleva un 62 [&hellip;]<\/p>\n","protected":false},"author":2,"featured_media":231174,"comment_status":"closed","ping_status":"closed","sticky":false,"template":"","format":"standard","meta":{"footnotes":""},"categories":[12870,178],"tags":[12865,12869],"class_list":["post-231173","post","type-post","status-publish","format-standard","has-post-thumbnail","hentry","category-destacadas","category-local","tag-destacadas","tag-local"],"jetpack_featured_media_url":"https:\/\/rnoticias.com.mx\/Portal\/wp-content\/uploads\/2025\/10\/eab33c3a-d5ab-443d-b3a5-493dde0987ac.jpeg","amp_enabled":true,"_links":{"self":[{"href":"https:\/\/rnoticias.com.mx\/Portal\/wp-json\/wp\/v2\/posts\/231173","targetHints":{"allow":["GET"]}}],"collection":[{"href":"https:\/\/rnoticias.com.mx\/Portal\/wp-json\/wp\/v2\/posts"}],"about":[{"href":"https:\/\/rnoticias.com.mx\/Portal\/wp-json\/wp\/v2\/types\/post"}],"author":[{"embeddable":true,"href":"https:\/\/rnoticias.com.mx\/Portal\/wp-json\/wp\/v2\/users\/2"}],"replies":[{"embeddable":true,"href":"https:\/\/rnoticias.com.mx\/Portal\/wp-json\/wp\/v2\/comments?post=231173"}],"version-history":[{"count":1,"href":"https:\/\/rnoticias.com.mx\/Portal\/wp-json\/wp\/v2\/posts\/231173\/revisions"}],"predecessor-version":[{"id":231175,"href":"https:\/\/rnoticias.com.mx\/Portal\/wp-json\/wp\/v2\/posts\/231173\/revisions\/231175"}],"wp:featuredmedia":[{"embeddable":true,"href":"https:\/\/rnoticias.com.mx\/Portal\/wp-json\/wp\/v2\/media\/231174"}],"wp:attachment":[{"href":"https:\/\/rnoticias.com.mx\/Portal\/wp-json\/wp\/v2\/media?parent=231173"}],"wp:term":[{"taxonomy":"category","embeddable":true,"href":"https:\/\/rnoticias.com.mx\/Portal\/wp-json\/wp\/v2\/categories?post=231173"},{"taxonomy":"post_tag","embeddable":true,"href":"https:\/\/rnoticias.com.mx\/Portal\/wp-json\/wp\/v2\/tags?post=231173"}],"curies":[{"name":"wp","href":"https:\/\/api.w.org\/{rel}","templated":true}]}}