{"id":231170,"date":"2025-10-03T16:47:06","date_gmt":"2025-10-03T23:47:06","guid":{"rendered":"https:\/\/rnoticias.com.mx\/Portal\/?p=231170"},"modified":"2025-10-03T16:47:06","modified_gmt":"2025-10-03T23:47:06","slug":"vicente-fox-habla-de-como-lo-insultan-en-redes-sociales","status":"publish","type":"post","link":"https:\/\/rnoticias.com.mx\/Portal\/2025\/10\/03\/vicente-fox-habla-de-como-lo-insultan-en-redes-sociales\/","title":{"rendered":"Vicente Fox habla de c\u00f3mo lo insultan en redes sociales"},"content":{"rendered":"<p>Vicente Fox comparti\u00f3 c\u00f3mo es objeto de insultos a trav\u00e9s de las redes sociales.<\/p>\n<p>El expresidente panista de M\u00e9xico entre 2000 y 2006, Vicente Fox Quesada, revel\u00f3 durante la emisi\u00f3n de su podcast &#8220;L\u00edderes de la Verdad&#8221; de este jueves 2 de octubre que\u00a0<mark><strong>&#8220;le mientan la ma\u2026 una vez y otra tambi\u00e9n&#8221; en sus redes sociales<\/strong><\/mark>.<\/p>\n<p><mark><strong>&#8220;Todos uniformes, uniformes. \u00bfPues c\u00f3mo le reclamo al bot? Seguro, una buena parte (son bots). Tambi\u00e9n tengo mis much\u00edsimos enemigos aqu\u00ed en M\u00e9xico; fuera no tanto, fuera, me va bastante bien, en Europa y Estados Unidos&#8221;<\/strong><\/mark>, mencion\u00f3 el exmandatario federal.<\/p>\n<p>Lo anterior, durante la secci\u00f3n de su programa titulada &#8220;Respondes y te vas&#8221;, llamada as\u00ed en alusi\u00f3n al &#8220;Comes y te vas&#8221;, cuando Vicente Fox sostuvo una llamada con Fidel Castro en marzo de 2002, donde le expres\u00f3 al presidente cubano que su presencia en la Conferencia Internacional sobre la Financiaci\u00f3n para el Desarrollo representaba &#8220;una buena cantidad de problemas&#8221;.<\/p>\n<p>En el podcast, le pregunt\u00f3 a su invitado Arturo El\u00edas Ayub qu\u00e9 fue m\u00e1s dif\u00edcil entre ser empresario o aguantar tantos memes suyos en Internet.<\/p>\n<p>&#8220;Los memes que me hacen a m\u00ed en Internet son muy divertidos, yo me divierto much\u00edsimo, son muy creativos. En el programa de Shark Tank cuando yo dec\u00eda &#8216;est\u00e1 padr\u00edsimo tu producto, pero yo estoy fuera&#8217;, de eso me han hecho muchos memes muy simp\u00e1ticos&#8221;, contest\u00f3 El\u00edas Ayub.<\/p>\n<p><strong>&#8220;Te voy a prestar mi nombre y mi Twitter para ver si son divertidos. Me mientan la madre una vez y otra tambi\u00e9n&#8221;, ironiz\u00f3 Fox Quesada<\/strong>.<\/p>\n<p>Durante el podcast, el expresidente y el empresario charlaron sobre los desaf\u00edos del emprendimiento, inteligencia artificial y liderazgo con visi\u00f3n en entornos competitivos.<\/p>\n<p>&#8220;L\u00edderes de la Verdad es un espacio donde hablaremos con los j\u00f3venes, con la herramienta m\u00e1s poderosa que tienen para la vida: la verdad.<strong>\u00a0Nuestro pa\u00eds necesita l\u00edderes con determinaci\u00f3n y voluntad para cambiar la realidad&#8221;, mencion\u00f3 el panista<\/strong>.<\/p>\n","protected":false},"excerpt":{"rendered":"<p>Vicente Fox comparti\u00f3 c\u00f3mo es objeto de insultos a trav\u00e9s de las redes sociales. El expresidente panista de M\u00e9xico entre 2000 y 2006, Vicente Fox Quesada, revel\u00f3 durante la emisi\u00f3n de su podcast &#8220;L\u00edderes de la Verdad&#8221; de este jueves 2 de octubre que\u00a0&#8220;le mientan la ma\u2026 una vez y otra tambi\u00e9n&#8221; en sus redes [&hellip;]<\/p>\n","protected":false},"author":2,"featured_media":231171,"comment_status":"closed","ping_status":"closed","sticky":false,"template":"","format":"standard","meta":{"footnotes":""},"categories":[12870,172],"tags":[12865,12874],"class_list":["post-231170","post","type-post","status-publish","format-standard","has-post-thumbnail","hentry","category-destacadas","category-nacional","tag-destacadas","tag-nacional"],"jetpack_featured_media_url":"https:\/\/rnoticias.com.mx\/Portal\/wp-content\/uploads\/2025\/10\/Vicente_Fox_regreso_del_PRI.webp","amp_enabled":true,"_links":{"self":[{"href":"https:\/\/rnoticias.com.mx\/Portal\/wp-json\/wp\/v2\/posts\/231170","targetHints":{"allow":["GET"]}}],"collection":[{"href":"https:\/\/rnoticias.com.mx\/Portal\/wp-json\/wp\/v2\/posts"}],"about":[{"href":"https:\/\/rnoticias.com.mx\/Portal\/wp-json\/wp\/v2\/types\/post"}],"author":[{"embeddable":true,"href":"https:\/\/rnoticias.com.mx\/Portal\/wp-json\/wp\/v2\/users\/2"}],"replies":[{"embeddable":true,"href":"https:\/\/rnoticias.com.mx\/Portal\/wp-json\/wp\/v2\/comments?post=231170"}],"version-history":[{"count":1,"href":"https:\/\/rnoticias.com.mx\/Portal\/wp-json\/wp\/v2\/posts\/231170\/revisions"}],"predecessor-version":[{"id":231172,"href":"https:\/\/rnoticias.com.mx\/Portal\/wp-json\/wp\/v2\/posts\/231170\/revisions\/231172"}],"wp:featuredmedia":[{"embeddable":true,"href":"https:\/\/rnoticias.com.mx\/Portal\/wp-json\/wp\/v2\/media\/231171"}],"wp:attachment":[{"href":"https:\/\/rnoticias.com.mx\/Portal\/wp-json\/wp\/v2\/media?parent=231170"}],"wp:term":[{"taxonomy":"category","embeddable":true,"href":"https:\/\/rnoticias.com.mx\/Portal\/wp-json\/wp\/v2\/categories?post=231170"},{"taxonomy":"post_tag","embeddable":true,"href":"https:\/\/rnoticias.com.mx\/Portal\/wp-json\/wp\/v2\/tags?post=231170"}],"curies":[{"name":"wp","href":"https:\/\/api.w.org\/{rel}","templated":true}]}}