{"id":231164,"date":"2025-10-03T13:43:43","date_gmt":"2025-10-03T20:43:43","guid":{"rendered":"https:\/\/rnoticias.com.mx\/Portal\/?p=231164"},"modified":"2025-10-03T13:43:43","modified_gmt":"2025-10-03T20:43:43","slug":"ee-uu-ataca-otro-buque-cerca-de-venezuela-mata-a-cuatro-personas-a-bordo","status":"publish","type":"post","link":"https:\/\/rnoticias.com.mx\/Portal\/2025\/10\/03\/ee-uu-ataca-otro-buque-cerca-de-venezuela-mata-a-cuatro-personas-a-bordo\/","title":{"rendered":"EE.UU. ataca otro buque cerca de Venezuela; mata a cuatro personas a bordo"},"content":{"rendered":"<p><strong>Estados Unidos<\/strong>\u00a0hundi\u00f3 este viernes otra lancha en aguas internacionales cerca de\u00a0<strong>Venezuela<\/strong>, inform\u00f3 el secretario de Guerra, Pete Hegseth, quien se\u00f1al\u00f3 que cuatro personas murieron a bordo y las acus\u00f3 de &#8220;<strong>narcoterroristas<\/strong>&#8220;.<\/p>\n<p>El secretario apunt\u00f3 que &#8220;el ataque se llev\u00f3 a cabo en\u00a0<strong>aguas internacionales<\/strong>\u00a0frente a la costa de Venezuela mientras el buque transportaba cantidades sustanciales de\u00a0<strong>narc\u00f3ticos<\/strong>\u00a0con destino a Estados Unidos para envenenar&#8221; a los estadounidenses.<\/p>\n<p>Este se suma a los al menos otros cuatro ataques que Estados Unidos ha llevado a cabo desde septiembre contra supuestas\u00a0<strong>narcolanchas<\/strong>\u00a0en el\u00a0<strong>Caribe<\/strong>, tres de ellas cerca de Venezuela y otra cerca de\u00a0<strong>Rep\u00fablica Dominicana<\/strong>.<\/p>\n<p>El despliegue militar de Estados Unidos en el Caribe bajo el argumento de combatir el\u00a0<strong>narcotr\u00e1fico<\/strong>\u00a0ha sido criticado por el Gobierno de\u00a0<strong>Nicol\u00e1s Maduro<\/strong>, que lo considera una amenaza de un posible ataque contra Venezuela.<\/p>\n","protected":false},"excerpt":{"rendered":"<p>Estados Unidos\u00a0hundi\u00f3 este viernes otra lancha en aguas internacionales cerca de\u00a0Venezuela, inform\u00f3 el secretario de Guerra, Pete Hegseth, quien se\u00f1al\u00f3 que cuatro personas murieron a bordo y las acus\u00f3 de &#8220;narcoterroristas&#8220;. El secretario apunt\u00f3 que &#8220;el ataque se llev\u00f3 a cabo en\u00a0aguas internacionales\u00a0frente a la costa de Venezuela mientras el buque transportaba cantidades sustanciales de\u00a0narc\u00f3ticos\u00a0con [&hellip;]<\/p>\n","protected":false},"author":2,"featured_media":231165,"comment_status":"closed","ping_status":"closed","sticky":false,"template":"","format":"standard","meta":{"footnotes":""},"categories":[12870,182],"tags":[12865,12871],"class_list":["post-231164","post","type-post","status-publish","format-standard","has-post-thumbnail","hentry","category-destacadas","category-internacional","tag-destacadas","tag-internacional"],"jetpack_featured_media_url":"https:\/\/rnoticias.com.mx\/Portal\/wp-content\/uploads\/2025\/10\/estados_unidos_hunde_otro_barco_civil_y_mata_a_4_frente_a_costas_de_venezuela.jpg","amp_enabled":true,"_links":{"self":[{"href":"https:\/\/rnoticias.com.mx\/Portal\/wp-json\/wp\/v2\/posts\/231164","targetHints":{"allow":["GET"]}}],"collection":[{"href":"https:\/\/rnoticias.com.mx\/Portal\/wp-json\/wp\/v2\/posts"}],"about":[{"href":"https:\/\/rnoticias.com.mx\/Portal\/wp-json\/wp\/v2\/types\/post"}],"author":[{"embeddable":true,"href":"https:\/\/rnoticias.com.mx\/Portal\/wp-json\/wp\/v2\/users\/2"}],"replies":[{"embeddable":true,"href":"https:\/\/rnoticias.com.mx\/Portal\/wp-json\/wp\/v2\/comments?post=231164"}],"version-history":[{"count":1,"href":"https:\/\/rnoticias.com.mx\/Portal\/wp-json\/wp\/v2\/posts\/231164\/revisions"}],"predecessor-version":[{"id":231166,"href":"https:\/\/rnoticias.com.mx\/Portal\/wp-json\/wp\/v2\/posts\/231164\/revisions\/231166"}],"wp:featuredmedia":[{"embeddable":true,"href":"https:\/\/rnoticias.com.mx\/Portal\/wp-json\/wp\/v2\/media\/231165"}],"wp:attachment":[{"href":"https:\/\/rnoticias.com.mx\/Portal\/wp-json\/wp\/v2\/media?parent=231164"}],"wp:term":[{"taxonomy":"category","embeddable":true,"href":"https:\/\/rnoticias.com.mx\/Portal\/wp-json\/wp\/v2\/categories?post=231164"},{"taxonomy":"post_tag","embeddable":true,"href":"https:\/\/rnoticias.com.mx\/Portal\/wp-json\/wp\/v2\/tags?post=231164"}],"curies":[{"name":"wp","href":"https:\/\/api.w.org\/{rel}","templated":true}]}}