{"id":231155,"date":"2025-10-03T11:48:57","date_gmt":"2025-10-03T18:48:57","guid":{"rendered":"https:\/\/rnoticias.com.mx\/Portal\/?p=231155"},"modified":"2025-10-03T11:48:57","modified_gmt":"2025-10-03T18:48:57","slug":"avatar-3-sera-la-mas-larga-de-la-franquicia","status":"publish","type":"post","link":"https:\/\/rnoticias.com.mx\/Portal\/2025\/10\/03\/avatar-3-sera-la-mas-larga-de-la-franquicia\/","title":{"rendered":"\u201cAvatar 3\u201d ser\u00e1 la m\u00e1s larga de la franquicia"},"content":{"rendered":"<p>La esperada \u201cAvatar 3\u201d se perfila como la entrega m\u00e1s extensa de la saga creada por James\u00a0Cameron, superando las tres horas y 12 minutos de \u201cAvatar: El Camino del Agua\u201d.<\/p>\n<p>El cineasta, al frente de la franquicia desde 2009, explic\u00f3 que la extensi\u00f3n busca dar m\u00e1s espacio a historias y personajes que quedaron pendientes en la segunda pel\u00edcula.<\/p>\n<p>\u201cLa tercera pel\u00edcula ser\u00e1 un poco m\u00e1s larga que la segunda\u201d, se\u00f1al\u00f3 Cameron a la revista Empire. \u201cEn pocas palabras, ten\u00edamos demasiadas grandes ideas concentradas en el primer acto de la segunda pel\u00edcula. No profundiz\u00e1bamos lo suficiente en los personajes, as\u00ed que decidimos dividirlas\u201d.<\/p>\n<p>Titulado \u201cAvatar: Fuego y Cenizas\u201d, el filme ya present\u00f3 su primer tr\u00e1iler.\u00a0<strong>En esta entrega, los Na\u2019vi enfrentar\u00e1n una nueva amenaza que utiliza el fuego como arma, mientras Pandora revela territorios volc\u00e1nicos y escenarios dominados por la fuerza destructiva del fuego.<\/strong>\u00a0Cameron promete equilibrar la espectacularidad visual con un desarrollo m\u00e1s profundo de los personajes, abordando aspectos que quedaron relegados en la segunda parte.<\/p>\n<p>La franquicia sigue siendo un fen\u00f3meno global: la primera pel\u00edcula mantiene el r\u00e9cord como la m\u00e1s taquillera de la historia, con m\u00e1s de dos mil 923 millones de d\u00f3lares recaudados.\u00a0Con un plan de cinco pel\u00edculas programadas hasta 2031, \u201cAvatar 3\u201d llegar\u00e1 a los cines de M\u00e9xico el 19 de diciembre de 2025, con funciones en cadenas como\u00a0Cin\u00e9polis\u00a0y\u00a0Cinemex, ofreciendo un viaje \u00e9pico y m\u00e1s extenso por\u00a0Pandora.<\/p>\n","protected":false},"excerpt":{"rendered":"<p>La esperada \u201cAvatar 3\u201d se perfila como la entrega m\u00e1s extensa de la saga creada por James\u00a0Cameron, superando las tres horas y 12 minutos de \u201cAvatar: El Camino del Agua\u201d. El cineasta, al frente de la franquicia desde 2009, explic\u00f3 que la extensi\u00f3n busca dar m\u00e1s espacio a historias y personajes que quedaron pendientes en [&hellip;]<\/p>\n","protected":false},"author":2,"featured_media":231156,"comment_status":"closed","ping_status":"closed","sticky":false,"template":"","format":"standard","meta":{"footnotes":""},"categories":[12870,219],"tags":[12865,12875],"class_list":["post-231155","post","type-post","status-publish","format-standard","has-post-thumbnail","hentry","category-destacadas","category-espectaculos","tag-destacadas","tag-espectaculos"],"jetpack_featured_media_url":"https:\/\/rnoticias.com.mx\/Portal\/wp-content\/uploads\/2025\/10\/avatar-3-logo-2025.jpg","amp_enabled":true,"_links":{"self":[{"href":"https:\/\/rnoticias.com.mx\/Portal\/wp-json\/wp\/v2\/posts\/231155","targetHints":{"allow":["GET"]}}],"collection":[{"href":"https:\/\/rnoticias.com.mx\/Portal\/wp-json\/wp\/v2\/posts"}],"about":[{"href":"https:\/\/rnoticias.com.mx\/Portal\/wp-json\/wp\/v2\/types\/post"}],"author":[{"embeddable":true,"href":"https:\/\/rnoticias.com.mx\/Portal\/wp-json\/wp\/v2\/users\/2"}],"replies":[{"embeddable":true,"href":"https:\/\/rnoticias.com.mx\/Portal\/wp-json\/wp\/v2\/comments?post=231155"}],"version-history":[{"count":1,"href":"https:\/\/rnoticias.com.mx\/Portal\/wp-json\/wp\/v2\/posts\/231155\/revisions"}],"predecessor-version":[{"id":231157,"href":"https:\/\/rnoticias.com.mx\/Portal\/wp-json\/wp\/v2\/posts\/231155\/revisions\/231157"}],"wp:featuredmedia":[{"embeddable":true,"href":"https:\/\/rnoticias.com.mx\/Portal\/wp-json\/wp\/v2\/media\/231156"}],"wp:attachment":[{"href":"https:\/\/rnoticias.com.mx\/Portal\/wp-json\/wp\/v2\/media?parent=231155"}],"wp:term":[{"taxonomy":"category","embeddable":true,"href":"https:\/\/rnoticias.com.mx\/Portal\/wp-json\/wp\/v2\/categories?post=231155"},{"taxonomy":"post_tag","embeddable":true,"href":"https:\/\/rnoticias.com.mx\/Portal\/wp-json\/wp\/v2\/tags?post=231155"}],"curies":[{"name":"wp","href":"https:\/\/api.w.org\/{rel}","templated":true}]}}