{"id":231149,"date":"2025-10-03T11:45:53","date_gmt":"2025-10-03T18:45:53","guid":{"rendered":"https:\/\/rnoticias.com.mx\/Portal\/?p=231149"},"modified":"2025-10-03T11:45:53","modified_gmt":"2025-10-03T18:45:53","slug":"cierra-paratenis-de-mesa-con-dos-preseas-de-bronce-en-la-paralimpiada-nacional-2025","status":"publish","type":"post","link":"https:\/\/rnoticias.com.mx\/Portal\/2025\/10\/03\/cierra-paratenis-de-mesa-con-dos-preseas-de-bronce-en-la-paralimpiada-nacional-2025\/","title":{"rendered":"Cierra paratenis de Mesa con dos preseas de bronce en la Paralimpiada Nacional 2025"},"content":{"rendered":"<p>Hermosillo, Sonora, 3 de octubre del 2025.- En la \u00faltima jornada de actividades del paratenis de mesa, efectuada este jueves dentro de la Paralimpiada Nacional Aguascalientes 2025, la delegaci\u00f3n sonorense de esa disciplina asegur\u00f3 dos medallas de bronce en las modalidades de Pareja Mixta y Dobles Varonil.<\/p>\n<p>&nbsp;<\/p>\n<p>En acciones celebradas este jueves en la capital hidroc\u00e1lida, la dupla integrada por Lilia Dayanna Montiel y Mois\u00e9s Moreno, se qued\u00f3 con la presea bronc\u00ednea en Pareja Mixta, tras ubicarse en el tercer sitio de la tabla general de la Juvenil Menor TT11.<\/p>\n<p>&nbsp;<\/p>\n<p>Por su parte, el d\u00fao de Luis Alvarado y Mois\u00e9s Moreno, termin\u00f3 tambi\u00e9n en la tercera posici\u00f3n despu\u00e9s de celebrarse la eliminatoria de la Juvenil Menor TT11 Dobles Varonil; ambos equipos sonorenses compitieron bajo el sistema de round robin, esquema de juego con el cual operaron esas categor\u00edas.<\/p>\n<p>&nbsp;<\/p>\n<p>Mientras que la otra pareja mixta sonorense, formada por Luis Alvarado y Solash Anayancy Ibarra, estuvo a punto de meterse al podio, pues finaliz\u00f3 en la cuarta posici\u00f3n en su categor\u00eda, luego caer ante Nuevo Le\u00f3n en el juego por la medalla de bronce, a donde llegaron tras dividir honores con diferentes equipos de la Ciudad de M\u00e9xico.<\/p>\n<p>&nbsp;<\/p>\n<p>En total el equipo sonorense de paratenis de mesa cont\u00f3 con cinco jugadores, siendo el otro Sebasti\u00e1n Torres, quien no vio acci\u00f3n en la fase de Equipos, pero s\u00ed lo hizo en la modalidad de Individual, en donde el mejor resultado sonorense fue un cuarto sitio de Lilia Dayanna Montiel.<\/p>\n","protected":false},"excerpt":{"rendered":"<p>Hermosillo, Sonora, 3 de octubre del 2025.- En la \u00faltima jornada de actividades del paratenis de mesa, efectuada este jueves dentro de la Paralimpiada Nacional Aguascalientes 2025, la delegaci\u00f3n sonorense de esa disciplina asegur\u00f3 dos medallas de bronce en las modalidades de Pareja Mixta y Dobles Varonil. &nbsp; En acciones celebradas este jueves en la [&hellip;]<\/p>\n","protected":false},"author":2,"featured_media":231150,"comment_status":"closed","ping_status":"closed","sticky":false,"template":"","format":"standard","meta":{"footnotes":""},"categories":[188,12870],"tags":[5231,12865],"class_list":["post-231149","post","type-post","status-publish","format-standard","has-post-thumbnail","hentry","category-deportes","category-destacadas","tag-deportes","tag-destacadas"],"jetpack_featured_media_url":"https:\/\/rnoticias.com.mx\/Portal\/wp-content\/uploads\/2025\/10\/22q.jpg","amp_enabled":true,"_links":{"self":[{"href":"https:\/\/rnoticias.com.mx\/Portal\/wp-json\/wp\/v2\/posts\/231149","targetHints":{"allow":["GET"]}}],"collection":[{"href":"https:\/\/rnoticias.com.mx\/Portal\/wp-json\/wp\/v2\/posts"}],"about":[{"href":"https:\/\/rnoticias.com.mx\/Portal\/wp-json\/wp\/v2\/types\/post"}],"author":[{"embeddable":true,"href":"https:\/\/rnoticias.com.mx\/Portal\/wp-json\/wp\/v2\/users\/2"}],"replies":[{"embeddable":true,"href":"https:\/\/rnoticias.com.mx\/Portal\/wp-json\/wp\/v2\/comments?post=231149"}],"version-history":[{"count":1,"href":"https:\/\/rnoticias.com.mx\/Portal\/wp-json\/wp\/v2\/posts\/231149\/revisions"}],"predecessor-version":[{"id":231151,"href":"https:\/\/rnoticias.com.mx\/Portal\/wp-json\/wp\/v2\/posts\/231149\/revisions\/231151"}],"wp:featuredmedia":[{"embeddable":true,"href":"https:\/\/rnoticias.com.mx\/Portal\/wp-json\/wp\/v2\/media\/231150"}],"wp:attachment":[{"href":"https:\/\/rnoticias.com.mx\/Portal\/wp-json\/wp\/v2\/media?parent=231149"}],"wp:term":[{"taxonomy":"category","embeddable":true,"href":"https:\/\/rnoticias.com.mx\/Portal\/wp-json\/wp\/v2\/categories?post=231149"},{"taxonomy":"post_tag","embeddable":true,"href":"https:\/\/rnoticias.com.mx\/Portal\/wp-json\/wp\/v2\/tags?post=231149"}],"curies":[{"name":"wp","href":"https:\/\/api.w.org\/{rel}","templated":true}]}}