{"id":231134,"date":"2025-10-02T20:16:10","date_gmt":"2025-10-03T03:16:10","guid":{"rendered":"https:\/\/rnoticias.com.mx\/Portal\/?p=231134"},"modified":"2025-10-02T20:16:10","modified_gmt":"2025-10-03T03:16:10","slug":"consul-de-colombia-preocupado-por-camino-del-caso-de-musicos-colombianos-asesinados-en-mexico","status":"publish","type":"post","link":"https:\/\/rnoticias.com.mx\/Portal\/2025\/10\/02\/consul-de-colombia-preocupado-por-camino-del-caso-de-musicos-colombianos-asesinados-en-mexico\/","title":{"rendered":"C\u00f3nsul de Colombia &#8216;preocupado&#8217; por camino del caso de m\u00fasicos colombianos asesinados en M\u00e9xico"},"content":{"rendered":"<p>El\u00a0<strong>c\u00f3nsul de Colombia<\/strong>\u00a0en M\u00e9xico, Alfredo Molano, se dijo<strong>\u00a0&#8220;preocupado por el camino que tome la investigaci\u00f3n&#8221;\u00a0<\/strong>por el asesinato de los cantantes colombianos B-King y Regio Clown, quienes fueron hallados sin vida el 17 de septiembre en el Estado de M\u00e9xico,<strong>\u00a0al tiempo que pidi\u00f3 que la Fiscal\u00eda General de la Rep\u00fablica (FGR) se ocupe del caso.<\/strong><\/p>\n<p><strong>&#8220;Yo no quisiera y me preocupa que el camino que tome esta investigaci\u00f3n sea &#8216;esto era un ajuste de cuentas entre colombianos'&#8221;<\/strong>, se\u00f1al\u00f3 Molano en declaraciones al peri\u00f3dico El Universal.<\/p>\n<p><strong>&#8220;Porque el crimen ocurri\u00f3 en M\u00e9xico y aqu\u00ed hay carteles mexicanos, por que la manera (en) c\u00f3mo asesinaron a estos dos j\u00f3venes guarda relaci\u00f3n con cosas que vienen ocurriendo aqu\u00ed&#8221;,<\/strong>\u00a0a\u00f1adi\u00f3.<\/p>\n<p>El c\u00f3nsul tambi\u00e9n hizo un llamado a la Fiscal\u00eda General de la Rep\u00fablica (FGR) a que atraiga el caso, pues\u00a0<strong>&#8220;es un tema importante para nosotros (los colombianos)&#8221;<\/strong>, y dijo que busca que las autoridades de M\u00e9xico y Colombia hagan esfuerzos binacionales en materia de seguridad e inteligencia.<\/p>\n<p>En M\u00e9xico que la FGR atraiga un caso significa que esta instituci\u00f3n asuma el control y la investigaci\u00f3n de un delito que originalmente es competencia de las fiscal\u00edas locales, sea por tratarse de casos graves o cuando las fiscal\u00edas estatales no responden.<\/p>\n<p>El diplom\u00e1tico indic\u00f3 que lo que no quiere<strong>\u00a0&#8220;es responsabilizar exclusivamente a las autoridades mexicanas (&#8230;) Yo creo que esto merece un esfuerzo binacional de coordinaci\u00f3n de las autoridades en materia de seguridad e inteligencia&#8221;.<\/strong><\/p>\n<p>Sobre la l\u00ednea de investigaci\u00f3n que se sigue, Molano considera que existe una estructura que opera y que<strong>\u00a0&#8220;hay algo grande&#8221;<\/strong>\u00a0detr\u00e1s del doble asesinato.<\/p>\n<p>Dijo que en el caso hay una estructura que<strong>\u00a0&#8220;opera con un nivel de planificaci\u00f3n importante, que quiso dar un mensaje muy directo&#8221;<\/strong>\u00a0y que utiliz\u00f3 unas t\u00e9cnicas de violencia que tambi\u00e9n hablan por s\u00ed mismas.<\/p>\n<p><strong>&#8220;Mi interpretaci\u00f3n es que aqu\u00ed hay algo grande y que ante los cr\u00edmenes que tienen estas dimensiones, se requieren respuestas investigativas a la altura del crimen&#8221;,\u00a0<\/strong>apunt\u00f3.<\/p>\n<p>Los cuerpos de los artistas B-King, de 31 a\u00f1os y Regio Clown, de 35, fueron hallados el 22 de septiembre en Cocotitl\u00e1n (Estado de M\u00e9xico, vecino a la capital) tras desaparecer el 16 de septiembre en la adinerada colonia de la capital de Polanco despu\u00e9s de acudir a un gimnasio.<\/p>\n<p>La presidenta mexicana, Claudia Sheinbaum, descart\u00f3 que el asesinato de los m\u00fasicos afecte las relaciones diplom\u00e1ticas con Colombia tras los se\u00f1alamientos del presidente, Gustavo Petro, que vincul\u00f3 lo sucedido a la\u00a0<strong>&#8220;guerra contra las drogas&#8221;.<\/strong><\/p>\n<p>Tras el hallazgo, el 26 de septiembre, seg\u00fan el Registro Nacional de Detenciones del Gobierno de M\u00e9xico, la presunta pareja sentimental de B-King, Ang\u00e9lica Yetsey Torrini Le\u00f3n, conocida como Angie Miller, hab\u00eda sido detenida el 22 martes en Ciudad de M\u00e9xico por la Coordinaci\u00f3n Nacional del Combate al Secuestro.<\/p>\n<p>La detenci\u00f3n de Miller estar\u00eda vinculada al doble asesinato de los artistas colombianos Bayron S\u00e1nchez Salazar (B-King) y Jorge Luis Herrera Lemos (Regio Clown) en M\u00e9xico.<\/p>\n<p><strong>Presuntamente Miller fue una de las \u00faltimas personas que vio con vida al cantante colombiano. \u00a0<\/strong><\/p>\n","protected":false},"excerpt":{"rendered":"<p>El\u00a0c\u00f3nsul de Colombia\u00a0en M\u00e9xico, Alfredo Molano, se dijo\u00a0&#8220;preocupado por el camino que tome la investigaci\u00f3n&#8221;\u00a0por el asesinato de los cantantes colombianos B-King y Regio Clown, quienes fueron hallados sin vida el 17 de septiembre en el Estado de M\u00e9xico,\u00a0al tiempo que pidi\u00f3 que la Fiscal\u00eda General de la Rep\u00fablica (FGR) se ocupe del caso. &#8220;Yo [&hellip;]<\/p>\n","protected":false},"author":2,"featured_media":231135,"comment_status":"closed","ping_status":"closed","sticky":false,"template":"","format":"standard","meta":{"footnotes":""},"categories":[12870,172],"tags":[12865,12874],"class_list":["post-231134","post","type-post","status-publish","format-standard","has-post-thumbnail","hentry","category-destacadas","category-nacional","tag-destacadas","tag-nacional"],"jetpack_featured_media_url":"https:\/\/rnoticias.com.mx\/Portal\/wp-content\/uploads\/2025\/10\/B-King.webp","amp_enabled":true,"_links":{"self":[{"href":"https:\/\/rnoticias.com.mx\/Portal\/wp-json\/wp\/v2\/posts\/231134","targetHints":{"allow":["GET"]}}],"collection":[{"href":"https:\/\/rnoticias.com.mx\/Portal\/wp-json\/wp\/v2\/posts"}],"about":[{"href":"https:\/\/rnoticias.com.mx\/Portal\/wp-json\/wp\/v2\/types\/post"}],"author":[{"embeddable":true,"href":"https:\/\/rnoticias.com.mx\/Portal\/wp-json\/wp\/v2\/users\/2"}],"replies":[{"embeddable":true,"href":"https:\/\/rnoticias.com.mx\/Portal\/wp-json\/wp\/v2\/comments?post=231134"}],"version-history":[{"count":1,"href":"https:\/\/rnoticias.com.mx\/Portal\/wp-json\/wp\/v2\/posts\/231134\/revisions"}],"predecessor-version":[{"id":231136,"href":"https:\/\/rnoticias.com.mx\/Portal\/wp-json\/wp\/v2\/posts\/231134\/revisions\/231136"}],"wp:featuredmedia":[{"embeddable":true,"href":"https:\/\/rnoticias.com.mx\/Portal\/wp-json\/wp\/v2\/media\/231135"}],"wp:attachment":[{"href":"https:\/\/rnoticias.com.mx\/Portal\/wp-json\/wp\/v2\/media?parent=231134"}],"wp:term":[{"taxonomy":"category","embeddable":true,"href":"https:\/\/rnoticias.com.mx\/Portal\/wp-json\/wp\/v2\/categories?post=231134"},{"taxonomy":"post_tag","embeddable":true,"href":"https:\/\/rnoticias.com.mx\/Portal\/wp-json\/wp\/v2\/tags?post=231134"}],"curies":[{"name":"wp","href":"https:\/\/api.w.org\/{rel}","templated":true}]}}