{"id":231125,"date":"2025-10-02T19:56:27","date_gmt":"2025-10-03T02:56:27","guid":{"rendered":"https:\/\/rnoticias.com.mx\/Portal\/?p=231125"},"modified":"2025-10-02T19:56:27","modified_gmt":"2025-10-03T02:56:27","slug":"reconoce-el-sector-minero-sonorense-el-primer-ano-de-trabajo-de-la-presidenta-claudia-sheinbaum","status":"publish","type":"post","link":"https:\/\/rnoticias.com.mx\/Portal\/2025\/10\/02\/reconoce-el-sector-minero-sonorense-el-primer-ano-de-trabajo-de-la-presidenta-claudia-sheinbaum\/","title":{"rendered":"Reconoce el sector minero sonorense el primer a\u00f1o de trabajo de la presidenta Claudia Sheinbaum"},"content":{"rendered":"<p>La Asociaci\u00f3n de Ingenieros de Minas, Metalurgistas y Ge\u00f3logos de M\u00e9xico (AIMMGM) Distrito Sonora, a trav\u00e9s de su presidente Roberto Sitten Ayala, reconoci\u00f3 el trabajo realizado por la presidenta Claudia Sheinbaum en su primer a\u00f1o de gobierno.<\/p>\n<p>&nbsp;<\/p>\n<p>Destac\u00f3 la apertura y disposici\u00f3n de la mandataria y de los funcionarios de su administraci\u00f3n para atender al sector minero, al considerar que la miner\u00eda es un pilar fundamental para el desarrollo econ\u00f3mico y tecnol\u00f3gico del pa\u00eds.<\/p>\n<p>&nbsp;<\/p>\n<p>\u201cLos funcionarios del actual gobierno,\u00a0la presidenta Cl\u00e1udia Sheinbaum, s\u00ed nos est\u00e1n escuchando,\u00a0si quieren nos abren las puertas y nos est\u00e1n escuchando,\u00a0y creo que va caminando poco a poco y esperemos que cada vez se acelere m\u00e1s el apoyo hacia la miner\u00eda,\u00a0porque la miner\u00eda es parte del desarrollo del pa\u00eds y no podemos estar dependiendo de otros pa\u00edses para los minerales\u201d, coment\u00f3.<\/p>\n<p>&nbsp;<\/p>\n<p>Subray\u00f3 que en Sonora operan actualmente 47 unidades mineras que generan empleo, inversi\u00f3n y valor agregado, por lo que la colaboraci\u00f3n con el Gobierno Federal es clave para mantener la competitividad del estado.<\/p>\n<p>&nbsp;<\/p>\n<p>Asimismo, enfatiz\u00f3 la importancia de seguir fortaleciendo la comunicaci\u00f3n institucional para que la miner\u00eda contin\u00fae aportando al crecimiento y bienestar de M\u00e9xico.<\/p>\n<p>&nbsp;<\/p>\n","protected":false},"excerpt":{"rendered":"<p>La Asociaci\u00f3n de Ingenieros de Minas, Metalurgistas y Ge\u00f3logos de M\u00e9xico (AIMMGM) Distrito Sonora, a trav\u00e9s de su presidente Roberto Sitten Ayala, reconoci\u00f3 el trabajo realizado por la presidenta Claudia Sheinbaum en su primer a\u00f1o de gobierno. &nbsp; Destac\u00f3 la apertura y disposici\u00f3n de la mandataria y de los funcionarios de su administraci\u00f3n para atender [&hellip;]<\/p>\n","protected":false},"author":2,"featured_media":231126,"comment_status":"closed","ping_status":"closed","sticky":false,"template":"","format":"standard","meta":{"footnotes":""},"categories":[12870,178],"tags":[12865,12869],"class_list":["post-231125","post","type-post","status-publish","format-standard","has-post-thumbnail","hentry","category-destacadas","category-local","tag-destacadas","tag-local"],"jetpack_featured_media_url":"https:\/\/rnoticias.com.mx\/Portal\/wp-content\/uploads\/2025\/10\/f4f1a945-1059-43f5-87bb-4bc8e0de8e09.jpeg","amp_enabled":true,"_links":{"self":[{"href":"https:\/\/rnoticias.com.mx\/Portal\/wp-json\/wp\/v2\/posts\/231125","targetHints":{"allow":["GET"]}}],"collection":[{"href":"https:\/\/rnoticias.com.mx\/Portal\/wp-json\/wp\/v2\/posts"}],"about":[{"href":"https:\/\/rnoticias.com.mx\/Portal\/wp-json\/wp\/v2\/types\/post"}],"author":[{"embeddable":true,"href":"https:\/\/rnoticias.com.mx\/Portal\/wp-json\/wp\/v2\/users\/2"}],"replies":[{"embeddable":true,"href":"https:\/\/rnoticias.com.mx\/Portal\/wp-json\/wp\/v2\/comments?post=231125"}],"version-history":[{"count":1,"href":"https:\/\/rnoticias.com.mx\/Portal\/wp-json\/wp\/v2\/posts\/231125\/revisions"}],"predecessor-version":[{"id":231127,"href":"https:\/\/rnoticias.com.mx\/Portal\/wp-json\/wp\/v2\/posts\/231125\/revisions\/231127"}],"wp:featuredmedia":[{"embeddable":true,"href":"https:\/\/rnoticias.com.mx\/Portal\/wp-json\/wp\/v2\/media\/231126"}],"wp:attachment":[{"href":"https:\/\/rnoticias.com.mx\/Portal\/wp-json\/wp\/v2\/media?parent=231125"}],"wp:term":[{"taxonomy":"category","embeddable":true,"href":"https:\/\/rnoticias.com.mx\/Portal\/wp-json\/wp\/v2\/categories?post=231125"},{"taxonomy":"post_tag","embeddable":true,"href":"https:\/\/rnoticias.com.mx\/Portal\/wp-json\/wp\/v2\/tags?post=231125"}],"curies":[{"name":"wp","href":"https:\/\/api.w.org\/{rel}","templated":true}]}}