{"id":231094,"date":"2025-10-02T13:28:49","date_gmt":"2025-10-02T20:28:49","guid":{"rendered":"https:\/\/rnoticias.com.mx\/Portal\/?p=231094"},"modified":"2025-10-02T13:28:49","modified_gmt":"2025-10-02T20:28:49","slug":"sector-privado-reconoce-gobierno-de-sonora-por-impulsar-la-prevencion-y-la-cultura-de-la-paz","status":"publish","type":"post","link":"https:\/\/rnoticias.com.mx\/Portal\/2025\/10\/02\/sector-privado-reconoce-gobierno-de-sonora-por-impulsar-la-prevencion-y-la-cultura-de-la-paz\/","title":{"rendered":"Sector privado reconoce Gobierno de Sonora por impulsar la prevenci\u00f3n y la cultura de la paz"},"content":{"rendered":"<p>Hermosillo, Sonora; 2 de octubre de 2025.- En una alianza estrat\u00e9gica entre el sector privado y las fuerzas de seguridad p\u00fablica para impulsar la cultura de la prevenci\u00f3n, la Secretar\u00eda de Seguridad P\u00fablica (SSP) del Gobierno de Sonora realiza pl\u00e1ticas preventivas con l\u00edderes de la empresa OXXO, quienes resaltaron el apoyo recibido a trav\u00e9s de los temas desarrollados por la Polic\u00eda Estatal de Seguridad P\u00fablica (PESP).<\/p>\n<p>La divisi\u00f3n de Proximidad Ciudadana de la PESP fue reconocida por personal de OXXO al t\u00e9rmino de las pl\u00e1ticas impartidas a m\u00e1s de 50 colaboradores de la empresa, quienes recibieron informaci\u00f3n sobre prevenci\u00f3n de la violencia, cultura de paz, uso de la aplicaci\u00f3n Mujeres Seguras, l\u00ednea de emergencias 9-1-1, 089 de denuncia an\u00f3nima, entre otros temas que fomentan la prevenci\u00f3n y la seguridad ciudadana.<\/p>\n<p>Cabe se\u00f1alar que el personal de OXXO ha colaborado activamente con la corporaci\u00f3n, solicitando y participando en las charlas que buscan fortalecer el tejido social y crear un ambiente m\u00e1s seguro, comenzando desde el interior de sus equipos. Por ello, la SSP reconoce la colaboraci\u00f3n de cada una de las empresas que se suman a las pl\u00e1ticas de la PESP para prevenir la violencia y construir entornos seguros.<\/p>\n","protected":false},"excerpt":{"rendered":"<p>Hermosillo, Sonora; 2 de octubre de 2025.- En una alianza estrat\u00e9gica entre el sector privado y las fuerzas de seguridad p\u00fablica para impulsar la cultura de la prevenci\u00f3n, la Secretar\u00eda de Seguridad P\u00fablica (SSP) del Gobierno de Sonora realiza pl\u00e1ticas preventivas con l\u00edderes de la empresa OXXO, quienes resaltaron el apoyo recibido a trav\u00e9s de [&hellip;]<\/p>\n","protected":false},"author":2,"featured_media":231095,"comment_status":"closed","ping_status":"closed","sticky":false,"template":"","format":"standard","meta":{"footnotes":""},"categories":[12870,178],"tags":[12865,12869],"class_list":["post-231094","post","type-post","status-publish","format-standard","has-post-thumbnail","hentry","category-destacadas","category-local","tag-destacadas","tag-local"],"jetpack_featured_media_url":"https:\/\/rnoticias.com.mx\/Portal\/wp-content\/uploads\/2025\/10\/232.jpg","amp_enabled":true,"_links":{"self":[{"href":"https:\/\/rnoticias.com.mx\/Portal\/wp-json\/wp\/v2\/posts\/231094","targetHints":{"allow":["GET"]}}],"collection":[{"href":"https:\/\/rnoticias.com.mx\/Portal\/wp-json\/wp\/v2\/posts"}],"about":[{"href":"https:\/\/rnoticias.com.mx\/Portal\/wp-json\/wp\/v2\/types\/post"}],"author":[{"embeddable":true,"href":"https:\/\/rnoticias.com.mx\/Portal\/wp-json\/wp\/v2\/users\/2"}],"replies":[{"embeddable":true,"href":"https:\/\/rnoticias.com.mx\/Portal\/wp-json\/wp\/v2\/comments?post=231094"}],"version-history":[{"count":1,"href":"https:\/\/rnoticias.com.mx\/Portal\/wp-json\/wp\/v2\/posts\/231094\/revisions"}],"predecessor-version":[{"id":231096,"href":"https:\/\/rnoticias.com.mx\/Portal\/wp-json\/wp\/v2\/posts\/231094\/revisions\/231096"}],"wp:featuredmedia":[{"embeddable":true,"href":"https:\/\/rnoticias.com.mx\/Portal\/wp-json\/wp\/v2\/media\/231095"}],"wp:attachment":[{"href":"https:\/\/rnoticias.com.mx\/Portal\/wp-json\/wp\/v2\/media?parent=231094"}],"wp:term":[{"taxonomy":"category","embeddable":true,"href":"https:\/\/rnoticias.com.mx\/Portal\/wp-json\/wp\/v2\/categories?post=231094"},{"taxonomy":"post_tag","embeddable":true,"href":"https:\/\/rnoticias.com.mx\/Portal\/wp-json\/wp\/v2\/tags?post=231094"}],"curies":[{"name":"wp","href":"https:\/\/api.w.org\/{rel}","templated":true}]}}