{"id":231091,"date":"2025-10-02T13:28:11","date_gmt":"2025-10-02T20:28:11","guid":{"rendered":"https:\/\/rnoticias.com.mx\/Portal\/?p=231091"},"modified":"2025-10-02T13:28:11","modified_gmt":"2025-10-02T20:28:11","slug":"cae-jefe-de-plaza-del-cartel-del-mencho-en-tabasco","status":"publish","type":"post","link":"https:\/\/rnoticias.com.mx\/Portal\/2025\/10\/02\/cae-jefe-de-plaza-del-cartel-del-mencho-en-tabasco\/","title":{"rendered":"Cae jefe de plaza del c\u00e1rtel del &#8220;Mencho&#8221; en Tabasco"},"content":{"rendered":"<p>El crimen organizado sufri\u00f3 un golpe fuerte luego de la captura de un presunto cabecilla del grupo criminal que encabeza Nemesio Oseguera Cervantes, alias \u201cMencho\u201d.<\/p>\n<p><mark><strong>Autoridades federales detuvieron en Villahermosa, Tabasco, a Alejando &#8220;N&#8221;, alias &#8220;El Chuacheneger&#8221; o &#8220;El Diablito&#8221;, jefe de plaza del C\u00e1rtel Nueva Generaci\u00f3n (CNG) generador de violencia en la zona de la Chontalpa<\/strong><\/mark>, le aseguraron un arma corta, un veh\u00edculo con reporte de robo y diversas dosis de droga.<\/p>\n<p>El Gabinete de Seguridad inform\u00f3 que\u00a0<strong>el arresto ocurri\u00f3 cuando los uniformados realizaban recorridos de vigilancia en el municipio de Villahermosa, donde identificaron a un sujeto que viajaba a bordo de un veh\u00edculo con reporte de robo<\/strong>, por lo que le marcaron el alto para realizarle una inspecci\u00f3n.<\/p>\n<p><mark><strong>Los efectivos le hallaron un arma corta, dosis de droga, adem\u00e1s aseguraron el veh\u00edculo con reporte de robo<\/strong><\/mark>.<\/p>\n<p>Alejando &#8220;N&#8221; fue detenido informado de sus derechos de ley y junto con lo asegurado fue puesto a disposici\u00f3n del agente del Ministerio P\u00fablico correspondiente, quien determinar\u00e1 su situaci\u00f3n legal.<\/p>\n<p>El hoy detenido\u00a0<mark><strong>es identificado como uno de los principales generadores de violencia en la regi\u00f3n de la Chontalpa<\/strong><\/mark>.<\/p>\n<p>En estas acciones participaron elementos de la Secretar\u00eda de la Defensa Nacional (Defensa), Secretar\u00eda de Marina (Semar), Fiscal\u00eda General de la Rep\u00fablica (FGR), Guardia Nacional (GN) y Secretar\u00eda de Seguridad y Protecci\u00f3n Ciudadana (SSPC), junto con Secretar\u00eda de Seguridad y Protecci\u00f3n Ciudadana (SSyPC) del Estado.<\/p>\n<p>Las instituciones del Gabinete de Seguridad refrendaron su compromiso con la sociedad tabasque\u00f1a para combatir a la delincuencia organizada, inhibir los delitos y recuperar la tranquilidad de las familias en la entidad.<\/p>\n","protected":false},"excerpt":{"rendered":"<p>El crimen organizado sufri\u00f3 un golpe fuerte luego de la captura de un presunto cabecilla del grupo criminal que encabeza Nemesio Oseguera Cervantes, alias \u201cMencho\u201d. Autoridades federales detuvieron en Villahermosa, Tabasco, a Alejando &#8220;N&#8221;, alias &#8220;El Chuacheneger&#8221; o &#8220;El Diablito&#8221;, jefe de plaza del C\u00e1rtel Nueva Generaci\u00f3n (CNG) generador de violencia en la zona de [&hellip;]<\/p>\n","protected":false},"author":2,"featured_media":231092,"comment_status":"closed","ping_status":"closed","sticky":false,"template":"","format":"standard","meta":{"footnotes":""},"categories":[12870,172],"tags":[12865,12874],"class_list":["post-231091","post","type-post","status-publish","format-standard","has-post-thumbnail","hentry","category-destacadas","category-nacional","tag-destacadas","tag-nacional"],"jetpack_featured_media_url":"https:\/\/rnoticias.com.mx\/Portal\/wp-content\/uploads\/2025\/10\/descarga.webp","amp_enabled":true,"_links":{"self":[{"href":"https:\/\/rnoticias.com.mx\/Portal\/wp-json\/wp\/v2\/posts\/231091","targetHints":{"allow":["GET"]}}],"collection":[{"href":"https:\/\/rnoticias.com.mx\/Portal\/wp-json\/wp\/v2\/posts"}],"about":[{"href":"https:\/\/rnoticias.com.mx\/Portal\/wp-json\/wp\/v2\/types\/post"}],"author":[{"embeddable":true,"href":"https:\/\/rnoticias.com.mx\/Portal\/wp-json\/wp\/v2\/users\/2"}],"replies":[{"embeddable":true,"href":"https:\/\/rnoticias.com.mx\/Portal\/wp-json\/wp\/v2\/comments?post=231091"}],"version-history":[{"count":1,"href":"https:\/\/rnoticias.com.mx\/Portal\/wp-json\/wp\/v2\/posts\/231091\/revisions"}],"predecessor-version":[{"id":231093,"href":"https:\/\/rnoticias.com.mx\/Portal\/wp-json\/wp\/v2\/posts\/231091\/revisions\/231093"}],"wp:featuredmedia":[{"embeddable":true,"href":"https:\/\/rnoticias.com.mx\/Portal\/wp-json\/wp\/v2\/media\/231092"}],"wp:attachment":[{"href":"https:\/\/rnoticias.com.mx\/Portal\/wp-json\/wp\/v2\/media?parent=231091"}],"wp:term":[{"taxonomy":"category","embeddable":true,"href":"https:\/\/rnoticias.com.mx\/Portal\/wp-json\/wp\/v2\/categories?post=231091"},{"taxonomy":"post_tag","embeddable":true,"href":"https:\/\/rnoticias.com.mx\/Portal\/wp-json\/wp\/v2\/tags?post=231091"}],"curies":[{"name":"wp","href":"https:\/\/api.w.org\/{rel}","templated":true}]}}