{"id":231066,"date":"2025-10-02T10:25:04","date_gmt":"2025-10-02T17:25:04","guid":{"rendered":"https:\/\/rnoticias.com.mx\/Portal\/?p=231066"},"modified":"2025-10-02T10:25:04","modified_gmt":"2025-10-02T17:25:04","slug":"el-futuro-del-paranadador-rodolfo-limon-apunta-a-la-seleccion-nacional","status":"publish","type":"post","link":"https:\/\/rnoticias.com.mx\/Portal\/2025\/10\/02\/el-futuro-del-paranadador-rodolfo-limon-apunta-a-la-seleccion-nacional\/","title":{"rendered":"El futuro del paranadador Rodolfo Lim\u00f3n apunta a la selecci\u00f3n nacional"},"content":{"rendered":"<p>Hermosillo, Sonora, 2 de octubre del 2025.- Con el s\u00f3lido objetivo de consolidarse como un integrante fijo de la selecci\u00f3n nacional, el paranadador sonorense Rodolfo Lim\u00f3n iniciar\u00e1 una nueva etapa, luego de culminar triunfante su trayectoria por la categor\u00eda juvenil.<\/p>\n<p>Y es que la semana pasada el trit\u00f3n de deporte adaptado, de 21 a\u00f1os de edad, cerr\u00f3 un importante ciclo, al despedirse del proceso de Paralimpiada Nacional con una cosecha de cuatro medallas: una de oro y tres de plata, las cuales consigui\u00f3 en la edici\u00f3n 2025 del certamen desarrollado en Aguascalientes.<\/p>\n<p>Por lo tanto, despu\u00e9s de finalizar ese periodo deportivo, Lim\u00f3n Garc\u00eda, de la categor\u00eda S21 (clasificaci\u00f3n enfocada a paratletas con S\u00edndrome de Down), se dedicar\u00e1 a conseguir el ranking internacional, en busca de incorporarse de tiempo completo al equipo nacional el pr\u00f3ximo a\u00f1o, tomando en cuenta que en el verano pasado ya fue convocado a la preselecci\u00f3n mexicana de paranataci\u00f3n de Deportistas Especiales.<\/p>\n<p>La meta principal del paranadador, quien tiene como pruebas fuertes las de 50 y 100 metros pecho, es la de representar a M\u00e9xico en todo tipo de eventos internacionales, pero antes deber\u00e1 asistir a una concentraci\u00f3n en donde la Federaci\u00f3n Mexicana de Deportistas Especiales definir\u00e1 al equipo azteca que participar\u00e1 en el proceso 2026, en el cual destacan los Juegos Ol\u00edmpicos Especiales, con sede en Minnesota, Estados Unidos.<\/p>\n<p>En resumen, en seis ediciones de la Paralimpiada Nacional (2018, 2019, 2022, 2023, 2024 y 2025), el sonorense dej\u00f3 una huella espectacular en la piscina, con una sumatoria de 26 medallas: 13 doradas, 9 de color argento y 4 bronc\u00edneas, siendo su mejor actuaci\u00f3n en casa, pues, hace tres a\u00f1os, en Hermosillo, gan\u00f3 cuatro oros y una plata.<\/p>\n<p>Adem\u00e1s, posee un palmar\u00e9s internacional que incluye once medallas, repartidas en el Campeonato Nacional Abierto de Estados Unidos 2024 y en el Mundial Americano 2023 en Argentina, asimismo, en el Mundial Multi-Sport, efectuado el a\u00f1o pasado en Antalya, Turqu\u00eda, se ubic\u00f3 en el Top 10.<\/p>\n","protected":false},"excerpt":{"rendered":"<p>Hermosillo, Sonora, 2 de octubre del 2025.- Con el s\u00f3lido objetivo de consolidarse como un integrante fijo de la selecci\u00f3n nacional, el paranadador sonorense Rodolfo Lim\u00f3n iniciar\u00e1 una nueva etapa, luego de culminar triunfante su trayectoria por la categor\u00eda juvenil. Y es que la semana pasada el trit\u00f3n de deporte adaptado, de 21 a\u00f1os de [&hellip;]<\/p>\n","protected":false},"author":2,"featured_media":231067,"comment_status":"closed","ping_status":"closed","sticky":false,"template":"","format":"standard","meta":{"footnotes":""},"categories":[188],"tags":[5231],"class_list":["post-231066","post","type-post","status-publish","format-standard","has-post-thumbnail","hentry","category-deportes","tag-deportes"],"jetpack_featured_media_url":"https:\/\/rnoticias.com.mx\/Portal\/wp-content\/uploads\/2025\/10\/unnamed-1-1.jpg","amp_enabled":true,"_links":{"self":[{"href":"https:\/\/rnoticias.com.mx\/Portal\/wp-json\/wp\/v2\/posts\/231066","targetHints":{"allow":["GET"]}}],"collection":[{"href":"https:\/\/rnoticias.com.mx\/Portal\/wp-json\/wp\/v2\/posts"}],"about":[{"href":"https:\/\/rnoticias.com.mx\/Portal\/wp-json\/wp\/v2\/types\/post"}],"author":[{"embeddable":true,"href":"https:\/\/rnoticias.com.mx\/Portal\/wp-json\/wp\/v2\/users\/2"}],"replies":[{"embeddable":true,"href":"https:\/\/rnoticias.com.mx\/Portal\/wp-json\/wp\/v2\/comments?post=231066"}],"version-history":[{"count":1,"href":"https:\/\/rnoticias.com.mx\/Portal\/wp-json\/wp\/v2\/posts\/231066\/revisions"}],"predecessor-version":[{"id":231068,"href":"https:\/\/rnoticias.com.mx\/Portal\/wp-json\/wp\/v2\/posts\/231066\/revisions\/231068"}],"wp:featuredmedia":[{"embeddable":true,"href":"https:\/\/rnoticias.com.mx\/Portal\/wp-json\/wp\/v2\/media\/231067"}],"wp:attachment":[{"href":"https:\/\/rnoticias.com.mx\/Portal\/wp-json\/wp\/v2\/media?parent=231066"}],"wp:term":[{"taxonomy":"category","embeddable":true,"href":"https:\/\/rnoticias.com.mx\/Portal\/wp-json\/wp\/v2\/categories?post=231066"},{"taxonomy":"post_tag","embeddable":true,"href":"https:\/\/rnoticias.com.mx\/Portal\/wp-json\/wp\/v2\/tags?post=231066"}],"curies":[{"name":"wp","href":"https:\/\/api.w.org\/{rel}","templated":true}]}}