{"id":231063,"date":"2025-10-02T10:23:34","date_gmt":"2025-10-02T17:23:34","guid":{"rendered":"https:\/\/rnoticias.com.mx\/Portal\/?p=231063"},"modified":"2025-10-02T10:23:34","modified_gmt":"2025-10-02T17:23:34","slug":"golbol-de-sonora-saldra-por-presea-de-bronce-en-la-paralimpiada-nacional","status":"publish","type":"post","link":"https:\/\/rnoticias.com.mx\/Portal\/2025\/10\/02\/golbol-de-sonora-saldra-por-presea-de-bronce-en-la-paralimpiada-nacional\/","title":{"rendered":"Golbol de Sonora saldr\u00e1 por presea de bronce en la Paralimpiada Nacional"},"content":{"rendered":"<p>Hermosillo, Sonora, 2 de octubre del 2025.- El equipo sonorense de golbol disputar\u00e1 la medalla de bronce en la Paralimpiada Nacional Aguascalientes 2025, cuando este jueves se enfrente a Sinaloa, en el encuentro que definir\u00e1 el tercer sitio de la categor\u00eda Juvenil Mayor Varonil.<\/p>\n<p>La selecci\u00f3n sonorense, conformada por la cuarteta de Sebasti\u00e1n Le\u00f3n, Jos\u00e9 Ricardo Beltr\u00e1n, Juan Urbina y David Vel\u00e1zquez, ir\u00e1 a buscar el \u00faltimo puesto del podio nacional, despu\u00e9s de que este mi\u00e9rcoles cay\u00f3 en la etapa de semifinales 13-4 en contra de Quer\u00e9taro.<\/p>\n<p>Previo a ese desaf\u00edo, Sonora dobleg\u00f3 13-3 al Estado de M\u00e9xico para asegurar el pase a la semifinal, recuper\u00e1ndose de una derrota de 8-5 ante Quer\u00e9taro. En total el selectivo sonorense acumula una marca global de 2-3 con un empate, en donde la gran figura ofensiva ha sido Jos\u00e9 Ricardo Beltr\u00e1n, quien es el l\u00edder goleador del equipo.<\/p>\n<p>Seg\u00fan el calendario de competencias de la \u00faltima sesi\u00f3n del golbol en la Paralimpiada Nacional 2025, el jueves Sonora jugar\u00e1 por el bronce ante Sinaloa a las 9:00 de la ma\u00f1ana, m\u00e1s tarde, Quer\u00e9taro y Jalisco decidir\u00e1n al campe\u00f3n y medallista dorado de la Juvenil Mayor Varonil.<\/p>\n<p>En cuanto al paratenis de mesa se refiere, Lilia Dayanna Montiel fue la \u00fanica del selectivo sonorense \u2013compuesto por cinco integrantes- que compiti\u00f3 por una medalla, ya que cay\u00f3 en el duelo por el bronce en la categor\u00eda Juvenil Menor TT11; los otros cuatro jugadores: Luis Alvarado, Mois\u00e9s Moreno, Solash Anayancy Ibarra y Sebasti\u00e1n Torres, quedaron eliminados en la fase de grupos.<\/p>\n<p>El paratenis de mesa tambi\u00e9n concluye el jueves en la capital hidroc\u00e1lida, con la actividad de las modalidades de Dobles y Parejas Mixtas, tomando en cuenta que por Sonora ver\u00e1n acci\u00f3n Lilia Dayanna Montiel, Luis Alvarado, Solash Ibarra y Mois\u00e9s Moreno.<\/p>\n","protected":false},"excerpt":{"rendered":"<p>Hermosillo, Sonora, 2 de octubre del 2025.- El equipo sonorense de golbol disputar\u00e1 la medalla de bronce en la Paralimpiada Nacional Aguascalientes 2025, cuando este jueves se enfrente a Sinaloa, en el encuentro que definir\u00e1 el tercer sitio de la categor\u00eda Juvenil Mayor Varonil. La selecci\u00f3n sonorense, conformada por la cuarteta de Sebasti\u00e1n Le\u00f3n, Jos\u00e9 [&hellip;]<\/p>\n","protected":false},"author":2,"featured_media":231064,"comment_status":"closed","ping_status":"closed","sticky":false,"template":"","format":"standard","meta":{"footnotes":""},"categories":[188,12870],"tags":[5231,12865],"class_list":["post-231063","post","type-post","status-publish","format-standard","has-post-thumbnail","hentry","category-deportes","category-destacadas","tag-deportes","tag-destacadas"],"jetpack_featured_media_url":"https:\/\/rnoticias.com.mx\/Portal\/wp-content\/uploads\/2025\/10\/unnamed-1.jpg","amp_enabled":true,"_links":{"self":[{"href":"https:\/\/rnoticias.com.mx\/Portal\/wp-json\/wp\/v2\/posts\/231063","targetHints":{"allow":["GET"]}}],"collection":[{"href":"https:\/\/rnoticias.com.mx\/Portal\/wp-json\/wp\/v2\/posts"}],"about":[{"href":"https:\/\/rnoticias.com.mx\/Portal\/wp-json\/wp\/v2\/types\/post"}],"author":[{"embeddable":true,"href":"https:\/\/rnoticias.com.mx\/Portal\/wp-json\/wp\/v2\/users\/2"}],"replies":[{"embeddable":true,"href":"https:\/\/rnoticias.com.mx\/Portal\/wp-json\/wp\/v2\/comments?post=231063"}],"version-history":[{"count":1,"href":"https:\/\/rnoticias.com.mx\/Portal\/wp-json\/wp\/v2\/posts\/231063\/revisions"}],"predecessor-version":[{"id":231065,"href":"https:\/\/rnoticias.com.mx\/Portal\/wp-json\/wp\/v2\/posts\/231063\/revisions\/231065"}],"wp:featuredmedia":[{"embeddable":true,"href":"https:\/\/rnoticias.com.mx\/Portal\/wp-json\/wp\/v2\/media\/231064"}],"wp:attachment":[{"href":"https:\/\/rnoticias.com.mx\/Portal\/wp-json\/wp\/v2\/media?parent=231063"}],"wp:term":[{"taxonomy":"category","embeddable":true,"href":"https:\/\/rnoticias.com.mx\/Portal\/wp-json\/wp\/v2\/categories?post=231063"},{"taxonomy":"post_tag","embeddable":true,"href":"https:\/\/rnoticias.com.mx\/Portal\/wp-json\/wp\/v2\/tags?post=231063"}],"curies":[{"name":"wp","href":"https:\/\/api.w.org\/{rel}","templated":true}]}}