{"id":231051,"date":"2025-10-02T09:07:02","date_gmt":"2025-10-02T16:07:02","guid":{"rendered":"https:\/\/rnoticias.com.mx\/Portal\/?p=231051"},"modified":"2025-10-02T09:07:02","modified_gmt":"2025-10-02T16:07:02","slug":"gobierno-de-sonora-presenta-una-amplia-agenda-turistica-durante-octubre-en-todo-el-estado","status":"publish","type":"post","link":"https:\/\/rnoticias.com.mx\/Portal\/2025\/10\/02\/gobierno-de-sonora-presenta-una-amplia-agenda-turistica-durante-octubre-en-todo-el-estado\/","title":{"rendered":"Gobierno de Sonora presenta una amplia agenda tur\u00edstica durante octubre en todo el estado"},"content":{"rendered":"<p align=\"left\">Hermosillo, Sonora; 2 de octubre de 2025.- Con el prop\u00f3sito de consolidar al turismo como un motor de crecimiento y generador de oportunidades, el Gobierno de Sonora, a trav\u00e9s de la Secretar\u00eda de Econom\u00eda y Turismo (SETUR), present\u00f3 una amplia cartelera de eventos que tendr\u00e1n presencia en 19 municipios del estado, esperando una importante derrama econ\u00f3mica y tur\u00edstica.<\/p>\n<p align=\"left\">Promoviendo la uni\u00f3n familiar y la descentralizaci\u00f3n de sectores estrat\u00e9gicos, el liderazgo del gobernador Alfonso Durazo ha impulsado al turismo como pilar fundamental en el desarrollo de los municipios sonorenses, siendo m\u00e1s de 46 los distintos eventos que tendr\u00e1n lugar durante el presente mes.<\/p>\n<p align=\"left\">El secretario de Econom\u00eda y Turismo, Roberto Gradillas Pineda, encabez\u00f3 el evento donde destac\u00f3 la importancia de trabajar en conjunto entre gobierno y sociedad civil, comprometida en consolidar el cambio que vive Sonora.<\/p>\n<p align=\"left\">\u201cHoy nuestro estado vive una transformaci\u00f3n positiva gracias a las gestiones del gobernador Alfonso Durazo, quien nos instruye diariamente a trabajar por un Sonora m\u00e1s pr\u00f3spero y con mayores oportunidades para todas y todos\u201d, destac\u00f3 Gradillas Pineda.<\/p>\n<p align=\"left\">Entre las actividades m\u00e1s relevantes se encuentran las fiestas patronales de municipios como Trincheras, Carb\u00f3, Villa Hidalgo y Moctezuma; el Festival Cultural \u00c1lamos Pueblo M\u00e1gico; el 4to Festival Internacional de Folklore Sonora 2025; as\u00ed como el 5to Festival Regional de la Tortilla Grande Sonorense, entre otros.<\/p>\n<p align=\"left\">Con estas acciones, el Gobierno de Sonora reafirma su compromiso con el desarrollo de las familias sonorenses y demuestra la capacidad del estado para atraer turismo local, nacional e internacional, impulsando as\u00ed el crecimiento econ\u00f3mico y el bienestar social.<\/p>\n","protected":false},"excerpt":{"rendered":"<p>Hermosillo, Sonora; 2 de octubre de 2025.- Con el prop\u00f3sito de consolidar al turismo como un motor de crecimiento y generador de oportunidades, el Gobierno de Sonora, a trav\u00e9s de la Secretar\u00eda de Econom\u00eda y Turismo (SETUR), present\u00f3 una amplia cartelera de eventos que tendr\u00e1n presencia en 19 municipios del estado, esperando una importante derrama [&hellip;]<\/p>\n","protected":false},"author":2,"featured_media":231052,"comment_status":"closed","ping_status":"closed","sticky":false,"template":"","format":"standard","meta":{"footnotes":""},"categories":[12870,178],"tags":[12865,12869],"class_list":["post-231051","post","type-post","status-publish","format-standard","has-post-thumbnail","hentry","category-destacadas","category-local","tag-destacadas","tag-local"],"jetpack_featured_media_url":"https:\/\/rnoticias.com.mx\/Portal\/wp-content\/uploads\/2025\/10\/23.jpg","amp_enabled":true,"_links":{"self":[{"href":"https:\/\/rnoticias.com.mx\/Portal\/wp-json\/wp\/v2\/posts\/231051","targetHints":{"allow":["GET"]}}],"collection":[{"href":"https:\/\/rnoticias.com.mx\/Portal\/wp-json\/wp\/v2\/posts"}],"about":[{"href":"https:\/\/rnoticias.com.mx\/Portal\/wp-json\/wp\/v2\/types\/post"}],"author":[{"embeddable":true,"href":"https:\/\/rnoticias.com.mx\/Portal\/wp-json\/wp\/v2\/users\/2"}],"replies":[{"embeddable":true,"href":"https:\/\/rnoticias.com.mx\/Portal\/wp-json\/wp\/v2\/comments?post=231051"}],"version-history":[{"count":1,"href":"https:\/\/rnoticias.com.mx\/Portal\/wp-json\/wp\/v2\/posts\/231051\/revisions"}],"predecessor-version":[{"id":231053,"href":"https:\/\/rnoticias.com.mx\/Portal\/wp-json\/wp\/v2\/posts\/231051\/revisions\/231053"}],"wp:featuredmedia":[{"embeddable":true,"href":"https:\/\/rnoticias.com.mx\/Portal\/wp-json\/wp\/v2\/media\/231052"}],"wp:attachment":[{"href":"https:\/\/rnoticias.com.mx\/Portal\/wp-json\/wp\/v2\/media?parent=231051"}],"wp:term":[{"taxonomy":"category","embeddable":true,"href":"https:\/\/rnoticias.com.mx\/Portal\/wp-json\/wp\/v2\/categories?post=231051"},{"taxonomy":"post_tag","embeddable":true,"href":"https:\/\/rnoticias.com.mx\/Portal\/wp-json\/wp\/v2\/tags?post=231051"}],"curies":[{"name":"wp","href":"https:\/\/api.w.org\/{rel}","templated":true}]}}