{"id":231031,"date":"2025-10-01T20:04:04","date_gmt":"2025-10-02T03:04:04","guid":{"rendered":"https:\/\/rnoticias.com.mx\/Portal\/?p=231031"},"modified":"2025-10-01T20:04:04","modified_gmt":"2025-10-02T03:04:04","slug":"gobernador-durazo-reconoce-liderazgo-y-compromiso-de-presidenta-sheinbaum-con-sonora-en-primer-ano-de-gobierno","status":"publish","type":"post","link":"https:\/\/rnoticias.com.mx\/Portal\/2025\/10\/01\/gobernador-durazo-reconoce-liderazgo-y-compromiso-de-presidenta-sheinbaum-con-sonora-en-primer-ano-de-gobierno\/","title":{"rendered":"Gobernador Durazo reconoce liderazgo y compromiso de Presidenta Sheinbaum con Sonora en primer a\u00f1o de gobierno"},"content":{"rendered":"<p align=\"left\">Hermosillo, Sonora; 1 de octubre de 2025.- Con el respaldo y apoyo de la primera mujer presidenta de M\u00e9xico, Claudia Sheinbaum Pardo, a un a\u00f1o de su gesti\u00f3n, el gobernador Alfonso Durazo Monta\u00f1o enfatiz\u00f3 que se ha avanzado en el desarrollo econ\u00f3mico y en la consolidaci\u00f3n de proyectos de transformaci\u00f3n en el estado enfocados al bienestar de las y los sonorenses.<\/p>\n<p align=\"left\">El jefe del Ejecutivo estatal enfatiz\u00f3 que, en este primer a\u00f1o de gobierno de la mandataria nacional, Sonora se ha beneficiado con acciones y proyectos en materia de infraestructura carretera, hospitalaria y programas sociales que integran el segundo piso de la Cuarta Transformaci\u00f3n y, que impactan de manera positiva la calidad de vida de las familias.<\/p>\n<p align=\"left\">&#8220;Celebramos el primer a\u00f1o de gobierno de nuestra presidenta Claudia Sheinbaum y siete a\u00f1os del inicio de la Cuarta Transformaci\u00f3n en nuestro pa\u00eds. Su liderazgo cercano y compromiso social se reflejan en avances y en oportunidades que transforman vidas en Sonora. Con la presidenta todo, con la presidenta siempre\u201d, subray\u00f3 el mandatario estatal.<\/p>\n<p align=\"left\">El gobernador Alfonso Durazo destac\u00f3 que uno de los proyectos m\u00e1s emblem\u00e1ticos llevados a cabo junto a la presidenta de la Rep\u00fablica, ha sido la inauguraci\u00f3n de la Universidad del Pueblo Yaqui, as\u00ed como la entrega de Becas del programa Sonora de Oportunidades para todos los alumnos de la etnia. Adem\u00e1s, se apertur\u00f3 el Hospital Rural IMSS-Bienestar, que atender\u00e1 a 50 mil habitantes de las comunidades Yaquis y poblaciones aleda\u00f1as, para el que se aplicaron 502 millones de pesos.<\/p>\n<p align=\"left\">Indic\u00f3 que se han iniciado obras fundamentales de infraestructura y conectividad como la construcci\u00f3n de la carretera Bavispe-Nuevo Casas Grandes, para la que se han destinado m\u00e1s de mil 800 millones de pesos, con una extensi\u00f3n de 67 kil\u00f3metros en beneficio de 115 mil habitantes de la regi\u00f3n.<\/p>\n<p align=\"left\">Este 2025, arranc\u00f3 la construcci\u00f3n del Hospital de Zona del IMSS en San Luis R\u00edo Colorado, para la que se han destinado m\u00e1s de 2 mil 171 millones de pesos y con beneficio para 128 mil derechohabientes.<\/p>\n<p align=\"left\">Se\u00f1al\u00f3 que, est\u00e1 por inaugurarse el Hospital General de Zona del IMSS en Navojoa, con una inversi\u00f3n mayor a los 2 mil millones de pesos, en beneficio de m\u00e1s de 96 mil habitantes del sur de la entidad.<\/p>\n<p align=\"left\">El mandatario sonorense destac\u00f3 la confianza de la presidenta Sheinbaum para la integraci\u00f3n de una sede del Centro de Dise\u00f1o \u201cKutsari\u201d, en la Universidad de Sonora en Hermosillo, con el objetivo de impulsar la fabricaci\u00f3n de semiconductores, como eje principal del Plan Sonora de Energ\u00edas Sostenibles.<\/p>\n<p align=\"left\">El gobernador Alfonso Durazo reiter\u00f3 su compromiso con la transformaci\u00f3n que fortalece al estado, que impulsa nuevas oportunidades de desarrollo y garantiza bienestar para las familias sonorenses.<\/p>\n","protected":false},"excerpt":{"rendered":"<p>Hermosillo, Sonora; 1 de octubre de 2025.- Con el respaldo y apoyo de la primera mujer presidenta de M\u00e9xico, Claudia Sheinbaum Pardo, a un a\u00f1o de su gesti\u00f3n, el gobernador Alfonso Durazo Monta\u00f1o enfatiz\u00f3 que se ha avanzado en el desarrollo econ\u00f3mico y en la consolidaci\u00f3n de proyectos de transformaci\u00f3n en el estado enfocados al [&hellip;]<\/p>\n","protected":false},"author":2,"featured_media":231032,"comment_status":"closed","ping_status":"closed","sticky":false,"template":"","format":"standard","meta":{"footnotes":""},"categories":[12870,178],"tags":[12865,12869],"class_list":["post-231031","post","type-post","status-publish","format-standard","has-post-thumbnail","hentry","category-destacadas","category-local","tag-destacadas","tag-local"],"jetpack_featured_media_url":"https:\/\/rnoticias.com.mx\/Portal\/wp-content\/uploads\/2025\/10\/12w.jpg","amp_enabled":true,"_links":{"self":[{"href":"https:\/\/rnoticias.com.mx\/Portal\/wp-json\/wp\/v2\/posts\/231031","targetHints":{"allow":["GET"]}}],"collection":[{"href":"https:\/\/rnoticias.com.mx\/Portal\/wp-json\/wp\/v2\/posts"}],"about":[{"href":"https:\/\/rnoticias.com.mx\/Portal\/wp-json\/wp\/v2\/types\/post"}],"author":[{"embeddable":true,"href":"https:\/\/rnoticias.com.mx\/Portal\/wp-json\/wp\/v2\/users\/2"}],"replies":[{"embeddable":true,"href":"https:\/\/rnoticias.com.mx\/Portal\/wp-json\/wp\/v2\/comments?post=231031"}],"version-history":[{"count":1,"href":"https:\/\/rnoticias.com.mx\/Portal\/wp-json\/wp\/v2\/posts\/231031\/revisions"}],"predecessor-version":[{"id":231033,"href":"https:\/\/rnoticias.com.mx\/Portal\/wp-json\/wp\/v2\/posts\/231031\/revisions\/231033"}],"wp:featuredmedia":[{"embeddable":true,"href":"https:\/\/rnoticias.com.mx\/Portal\/wp-json\/wp\/v2\/media\/231032"}],"wp:attachment":[{"href":"https:\/\/rnoticias.com.mx\/Portal\/wp-json\/wp\/v2\/media?parent=231031"}],"wp:term":[{"taxonomy":"category","embeddable":true,"href":"https:\/\/rnoticias.com.mx\/Portal\/wp-json\/wp\/v2\/categories?post=231031"},{"taxonomy":"post_tag","embeddable":true,"href":"https:\/\/rnoticias.com.mx\/Portal\/wp-json\/wp\/v2\/tags?post=231031"}],"curies":[{"name":"wp","href":"https:\/\/api.w.org\/{rel}","templated":true}]}}