{"id":231028,"date":"2025-10-01T20:00:30","date_gmt":"2025-10-02T03:00:30","guid":{"rendered":"https:\/\/rnoticias.com.mx\/Portal\/?p=231028"},"modified":"2025-10-01T20:00:30","modified_gmt":"2025-10-02T03:00:30","slug":"reciclando-por-sonrisas-65-apoyara-a-nino-con-discapacidad","status":"publish","type":"post","link":"https:\/\/rnoticias.com.mx\/Portal\/2025\/10\/01\/reciclando-por-sonrisas-65-apoyara-a-nino-con-discapacidad\/","title":{"rendered":"Reciclando por Sonrisas #65 apoyar\u00e1 a ni\u00f1o con discapacidad"},"content":{"rendered":"<p>Hermosillo, Sonora. Este 4 de octubre se llevar\u00e1 a cabo la Recolecta #65 de \u201cReciclando por Sonrisas\u201d, una iniciativa solidaria encabezada por la Ludoteca Ave Badu A.C., bajo la direcci\u00f3n de Viviana Bautista.<\/p>\n<p>&nbsp;<\/p>\n<p>Inform\u00f3, que la actividad se realizar\u00e1 de 7:00 a.m. a 1:00 p.m. en la Plaza Emiliana de Zubeld\u00eda en Hermosillo.<\/p>\n<p>&nbsp;<\/p>\n<p>\u201cEst\u00e1 jornada de recolecci\u00f3n beneficiar\u00e1 a Luis Carlos Ruiz Fern\u00e1ndez, un ni\u00f1o de 12 a\u00f1os con diagn\u00f3stico de s\u00edndrome de Down y posible trastorno del espectro autista (TEA), quien necesita cubrir los costos de una revisi\u00f3n neurol\u00f3gica y el tratamiento m\u00e9dico que se derive\u201d, detall\u00f3.<\/p>\n<p>&nbsp;<\/p>\n<p>En ese sentido, invit\u00f3 a la comunidad a participar donando materiales reciclables como aluminio, cart\u00f3n, papel, botellas de pl\u00e1stico, ropa, electr\u00f3nicos y otros art\u00edculos. Todo lo recolectado ser\u00e1 convertido en apoyo econ\u00f3mico para Luis Carlos.<\/p>\n<p>&nbsp;<\/p>\n<p>&nbsp;<\/p>\n<p>El dato:<\/p>\n<p>&nbsp;<\/p>\n<p>Tambi\u00e9n se puede apoyar v\u00eda donativo a la cuenta Banamex 00276701828189740, a nombre de Ludoteca Ave Badu A.C. Toda ayuda puede hacer una gran diferencia para quien se beneficia.<\/p>\n<p>&nbsp;<\/p>\n","protected":false},"excerpt":{"rendered":"<p>Hermosillo, Sonora. Este 4 de octubre se llevar\u00e1 a cabo la Recolecta #65 de \u201cReciclando por Sonrisas\u201d, una iniciativa solidaria encabezada por la Ludoteca Ave Badu A.C., bajo la direcci\u00f3n de Viviana Bautista. &nbsp; Inform\u00f3, que la actividad se realizar\u00e1 de 7:00 a.m. a 1:00 p.m. en la Plaza Emiliana de Zubeld\u00eda en Hermosillo. &nbsp; [&hellip;]<\/p>\n","protected":false},"author":2,"featured_media":231029,"comment_status":"closed","ping_status":"closed","sticky":false,"template":"","format":"standard","meta":{"footnotes":""},"categories":[12870,178],"tags":[12865,12869],"class_list":["post-231028","post","type-post","status-publish","format-standard","has-post-thumbnail","hentry","category-destacadas","category-local","tag-destacadas","tag-local"],"jetpack_featured_media_url":"https:\/\/rnoticias.com.mx\/Portal\/wp-content\/uploads\/2025\/10\/image00005-1024x768-1.jpeg","amp_enabled":true,"_links":{"self":[{"href":"https:\/\/rnoticias.com.mx\/Portal\/wp-json\/wp\/v2\/posts\/231028","targetHints":{"allow":["GET"]}}],"collection":[{"href":"https:\/\/rnoticias.com.mx\/Portal\/wp-json\/wp\/v2\/posts"}],"about":[{"href":"https:\/\/rnoticias.com.mx\/Portal\/wp-json\/wp\/v2\/types\/post"}],"author":[{"embeddable":true,"href":"https:\/\/rnoticias.com.mx\/Portal\/wp-json\/wp\/v2\/users\/2"}],"replies":[{"embeddable":true,"href":"https:\/\/rnoticias.com.mx\/Portal\/wp-json\/wp\/v2\/comments?post=231028"}],"version-history":[{"count":1,"href":"https:\/\/rnoticias.com.mx\/Portal\/wp-json\/wp\/v2\/posts\/231028\/revisions"}],"predecessor-version":[{"id":231030,"href":"https:\/\/rnoticias.com.mx\/Portal\/wp-json\/wp\/v2\/posts\/231028\/revisions\/231030"}],"wp:featuredmedia":[{"embeddable":true,"href":"https:\/\/rnoticias.com.mx\/Portal\/wp-json\/wp\/v2\/media\/231029"}],"wp:attachment":[{"href":"https:\/\/rnoticias.com.mx\/Portal\/wp-json\/wp\/v2\/media?parent=231028"}],"wp:term":[{"taxonomy":"category","embeddable":true,"href":"https:\/\/rnoticias.com.mx\/Portal\/wp-json\/wp\/v2\/categories?post=231028"},{"taxonomy":"post_tag","embeddable":true,"href":"https:\/\/rnoticias.com.mx\/Portal\/wp-json\/wp\/v2\/tags?post=231028"}],"curies":[{"name":"wp","href":"https:\/\/api.w.org\/{rel}","templated":true}]}}