{"id":231025,"date":"2025-10-01T19:58:41","date_gmt":"2025-10-02T02:58:41","guid":{"rendered":"https:\/\/rnoticias.com.mx\/Portal\/?p=231025"},"modified":"2025-10-01T19:58:41","modified_gmt":"2025-10-02T02:58:41","slug":"canacintra-relanza-la-expo-encuentro-de-negocios-en-hermosillo","status":"publish","type":"post","link":"https:\/\/rnoticias.com.mx\/Portal\/2025\/10\/01\/canacintra-relanza-la-expo-encuentro-de-negocios-en-hermosillo\/","title":{"rendered":"Canacintra relanza la Expo Encuentro de Negocios en Hermosillo"},"content":{"rendered":"<p>Hermosillo, Sonora. Con la finalidad de impulsar la reactivaci\u00f3n econ\u00f3mica y la vinculaci\u00f3n empresarial en Sonora, la C\u00e1mara Nacional de la Industria de Transformaci\u00f3n anunci\u00f3 el regreso de la Expo Encuentro de Negocios, que tendr\u00e1 lugar los d\u00edas 5 y 6 de noviembre en el Sal\u00f3n Veneto de Expo Forum.<\/p>\n<p>&nbsp;<\/p>\n<p>El presidente de Canacintra Hermosillo, Juan \u00c1lvaro Corral Aguirre, subray\u00f3 que este espacio busca crear conexiones estrat\u00e9gicas entre proveedores y grandes compa\u00f1\u00edas de sectores como el automotriz, minero, tur\u00edstico y manufacturero.<\/p>\n<p>&nbsp;<\/p>\n<p>\u201cEl evento incluir\u00e1 citas de negocios B2B, exhibici\u00f3n de maquinaria, paneles de discusi\u00f3n y conferencias especializadas. La edici\u00f3n 2025 no solo marca el retorno del encuentro tras seis a\u00f1os, tambi\u00e9n ser\u00e1 escenario de la presentaci\u00f3n de un libro coordinado por Mujeres Industriales de Canacintra y de la entrega del reconocimiento Industrial del A\u00f1o\u201d, cont\u00f3.<\/p>\n<p>&nbsp;<\/p>\n<p>A\u00f1adi\u00f3, que todos los stands principales ya fueron ocupados, aunque se ofrecen m\u00f3dulos m\u00f3viles para participantes rezagados. La entrada ser\u00e1 gratuita para empresarios, emprendedores y p\u00fablico general interesado en conocer la oferta productiva local y nacional.<\/p>\n<p>&nbsp;<\/p>\n<p>Finalmente, Corral Aguirre se\u00f1al\u00f3 que, frente a la incertidumbre econ\u00f3mica y a los retos comerciales actuales, la expo representa una oportunidad clave para fortalecer al sector industrial de la regi\u00f3n.<\/p>\n<p>&nbsp;<\/p>\n","protected":false},"excerpt":{"rendered":"<p>Hermosillo, Sonora. Con la finalidad de impulsar la reactivaci\u00f3n econ\u00f3mica y la vinculaci\u00f3n empresarial en Sonora, la C\u00e1mara Nacional de la Industria de Transformaci\u00f3n anunci\u00f3 el regreso de la Expo Encuentro de Negocios, que tendr\u00e1 lugar los d\u00edas 5 y 6 de noviembre en el Sal\u00f3n Veneto de Expo Forum. &nbsp; El presidente de Canacintra [&hellip;]<\/p>\n","protected":false},"author":2,"featured_media":231026,"comment_status":"closed","ping_status":"closed","sticky":false,"template":"","format":"standard","meta":{"footnotes":""},"categories":[12870,178],"tags":[12865,12869],"class_list":["post-231025","post","type-post","status-publish","format-standard","has-post-thumbnail","hentry","category-destacadas","category-local","tag-destacadas","tag-local"],"jetpack_featured_media_url":"https:\/\/rnoticias.com.mx\/Portal\/wp-content\/uploads\/2025\/10\/Imagen-de-WhatsApp-2025-06-18-a-las-09.42.28_2f43e476.jpg","amp_enabled":true,"_links":{"self":[{"href":"https:\/\/rnoticias.com.mx\/Portal\/wp-json\/wp\/v2\/posts\/231025","targetHints":{"allow":["GET"]}}],"collection":[{"href":"https:\/\/rnoticias.com.mx\/Portal\/wp-json\/wp\/v2\/posts"}],"about":[{"href":"https:\/\/rnoticias.com.mx\/Portal\/wp-json\/wp\/v2\/types\/post"}],"author":[{"embeddable":true,"href":"https:\/\/rnoticias.com.mx\/Portal\/wp-json\/wp\/v2\/users\/2"}],"replies":[{"embeddable":true,"href":"https:\/\/rnoticias.com.mx\/Portal\/wp-json\/wp\/v2\/comments?post=231025"}],"version-history":[{"count":1,"href":"https:\/\/rnoticias.com.mx\/Portal\/wp-json\/wp\/v2\/posts\/231025\/revisions"}],"predecessor-version":[{"id":231027,"href":"https:\/\/rnoticias.com.mx\/Portal\/wp-json\/wp\/v2\/posts\/231025\/revisions\/231027"}],"wp:featuredmedia":[{"embeddable":true,"href":"https:\/\/rnoticias.com.mx\/Portal\/wp-json\/wp\/v2\/media\/231026"}],"wp:attachment":[{"href":"https:\/\/rnoticias.com.mx\/Portal\/wp-json\/wp\/v2\/media?parent=231025"}],"wp:term":[{"taxonomy":"category","embeddable":true,"href":"https:\/\/rnoticias.com.mx\/Portal\/wp-json\/wp\/v2\/categories?post=231025"},{"taxonomy":"post_tag","embeddable":true,"href":"https:\/\/rnoticias.com.mx\/Portal\/wp-json\/wp\/v2\/tags?post=231025"}],"curies":[{"name":"wp","href":"https:\/\/api.w.org\/{rel}","templated":true}]}}