{"id":231022,"date":"2025-10-01T19:55:23","date_gmt":"2025-10-02T02:55:23","guid":{"rendered":"https:\/\/rnoticias.com.mx\/Portal\/?p=231022"},"modified":"2025-10-01T19:55:23","modified_gmt":"2025-10-02T02:55:23","slug":"se-suspende-temporalmente-decreto-de-legalizacion-de-autos-americanos-odepafa","status":"publish","type":"post","link":"https:\/\/rnoticias.com.mx\/Portal\/2025\/10\/01\/se-suspende-temporalmente-decreto-de-legalizacion-de-autos-americanos-odepafa\/","title":{"rendered":"Se suspende temporalmente decreto de legalizaci\u00f3n de autos americanos: Odepafa"},"content":{"rendered":"<p>Hermosillo, Sonora. Gamaliel Ca\u00f1edo Maciel inform\u00f3 que el decreto vigente para la legalizaci\u00f3n de veh\u00edculos de procedencia extranjera ha sido suspendido temporalmente, debido a que se encuentra en proceso de modificaci\u00f3n.<\/p>\n<p>&nbsp;<\/p>\n<p>El l\u00edder de\u00a0Organizaci\u00f3n para la Defensa del Patrimonio Familiar\u00a0(Odepafa), dio a conocer pormenores de esta noticia para miles de propietarios de ese tipo de unidades en Sonora.<\/p>\n<p>&nbsp;<\/p>\n<p>\u201cPara todos los poseedores de un veh\u00edculo americano que no lo han podido legalizar, ya sea porque entr\u00f3 despu\u00e9s del tiempo establecido o porque no cuenta con la documentaci\u00f3n necesaria, les informamos que el decreto se ha suspendido, pero no se ha cancelado\u201d, aclar\u00f3.<\/p>\n<p>&nbsp;<\/p>\n<p>Entre las modificaciones que se prev\u00e9n est\u00e1n el ajuste del precio, la fecha de entrada permitida de los veh\u00edculos, as\u00ed como el procedimiento de legalizaci\u00f3n, el cual ahora se realizar\u00e1 a trav\u00e9s de una agencia aduanal.<\/p>\n<p>&nbsp;<\/p>\n<p>Ca\u00f1edo Maciel asegur\u00f3 que con la nueva versi\u00f3n del decreto podr\u00e1n entrar todos los veh\u00edculos que est\u00e1n circulando actualmente, incluso aquellos que ingresaron despu\u00e9s de la fecha l\u00edmite del anterior decreto.<\/p>\n<p>&nbsp;<\/p>\n<p>\u201cPedirle a la ciudadan\u00eda no alarmarse, ya que se espera que en aproximadamente un mes se retomen las acciones y se publiquen los nuevos lineamientos para importar y legalizar veh\u00edculos\u201d, coment\u00f3.<\/p>\n<p>&nbsp;<\/p>\n","protected":false},"excerpt":{"rendered":"<p>Hermosillo, Sonora. Gamaliel Ca\u00f1edo Maciel inform\u00f3 que el decreto vigente para la legalizaci\u00f3n de veh\u00edculos de procedencia extranjera ha sido suspendido temporalmente, debido a que se encuentra en proceso de modificaci\u00f3n. &nbsp; El l\u00edder de\u00a0Organizaci\u00f3n para la Defensa del Patrimonio Familiar\u00a0(Odepafa), dio a conocer pormenores de esta noticia para miles de propietarios de ese tipo [&hellip;]<\/p>\n","protected":false},"author":2,"featured_media":231023,"comment_status":"closed","ping_status":"closed","sticky":false,"template":"","format":"standard","meta":{"footnotes":""},"categories":[12870,178],"tags":[12865,12869],"class_list":["post-231022","post","type-post","status-publish","format-standard","has-post-thumbnail","hentry","category-destacadas","category-local","tag-destacadas","tag-local"],"jetpack_featured_media_url":"https:\/\/rnoticias.com.mx\/Portal\/wp-content\/uploads\/2025\/10\/image.webp","amp_enabled":true,"_links":{"self":[{"href":"https:\/\/rnoticias.com.mx\/Portal\/wp-json\/wp\/v2\/posts\/231022","targetHints":{"allow":["GET"]}}],"collection":[{"href":"https:\/\/rnoticias.com.mx\/Portal\/wp-json\/wp\/v2\/posts"}],"about":[{"href":"https:\/\/rnoticias.com.mx\/Portal\/wp-json\/wp\/v2\/types\/post"}],"author":[{"embeddable":true,"href":"https:\/\/rnoticias.com.mx\/Portal\/wp-json\/wp\/v2\/users\/2"}],"replies":[{"embeddable":true,"href":"https:\/\/rnoticias.com.mx\/Portal\/wp-json\/wp\/v2\/comments?post=231022"}],"version-history":[{"count":1,"href":"https:\/\/rnoticias.com.mx\/Portal\/wp-json\/wp\/v2\/posts\/231022\/revisions"}],"predecessor-version":[{"id":231024,"href":"https:\/\/rnoticias.com.mx\/Portal\/wp-json\/wp\/v2\/posts\/231022\/revisions\/231024"}],"wp:featuredmedia":[{"embeddable":true,"href":"https:\/\/rnoticias.com.mx\/Portal\/wp-json\/wp\/v2\/media\/231023"}],"wp:attachment":[{"href":"https:\/\/rnoticias.com.mx\/Portal\/wp-json\/wp\/v2\/media?parent=231022"}],"wp:term":[{"taxonomy":"category","embeddable":true,"href":"https:\/\/rnoticias.com.mx\/Portal\/wp-json\/wp\/v2\/categories?post=231022"},{"taxonomy":"post_tag","embeddable":true,"href":"https:\/\/rnoticias.com.mx\/Portal\/wp-json\/wp\/v2\/tags?post=231022"}],"curies":[{"name":"wp","href":"https:\/\/api.w.org\/{rel}","templated":true}]}}