{"id":230989,"date":"2025-10-01T15:17:54","date_gmt":"2025-10-01T22:17:54","guid":{"rendered":"https:\/\/rnoticias.com.mx\/Portal\/?p=230989"},"modified":"2025-10-01T15:17:54","modified_gmt":"2025-10-01T22:17:54","slug":"detiene-gobierno-de-sonora-a-persona-armada-en-hermosillo","status":"publish","type":"post","link":"https:\/\/rnoticias.com.mx\/Portal\/2025\/10\/01\/detiene-gobierno-de-sonora-a-persona-armada-en-hermosillo\/","title":{"rendered":"Detiene Gobierno de Sonora a persona armada en Hermosillo"},"content":{"rendered":"<p>Hermosillo, Sonora; 1 de octubre de 2025.- En operativos de seguridad que se realizan de forma permanente en la capital sonorense, el Gobierno de Sonora, a trav\u00e9s de la Secretar\u00eda de Seguridad P\u00fablica (SSP), incaut\u00f3 un arma de fuego a un hombre que fue detenido.<\/p>\n<p>En patrullajes de vigilancia por la colonia Jacinto L\u00f3pez, la Polic\u00eda Estatal de Seguridad P\u00fablica (PESP) realiz\u00f3 la detenci\u00f3n de Cristian \u201cN\u201d, de 18 a\u00f1os de edad, al asegurarle un arma de fuego tipo pistola con cartuchos \u00fatiles calibre .45 mm.<\/p>\n<p>Ante las denuncias ciudadanas que se han generado en la ciudad, la Polic\u00eda Estatal est\u00e1 colaborando con autoridades de seguridad de los tres niveles de gobierno para hacer frente al delito y fortalecer las acciones de prevenci\u00f3n.<\/p>\n<p>Nota: Se informa que las personas detenidas se presumen inocentes y ser\u00e1n tratadas como tales en todas las etapas del procedimiento, mientras no se declare su responsabilidad mediante sentencia emitida por el \u00f3rgano jurisdiccional correspondiente, conforme al art\u00edculo 13 del C\u00f3digo Nacional de Procedimientos Penales.<\/p>\n","protected":false},"excerpt":{"rendered":"<p>Hermosillo, Sonora; 1 de octubre de 2025.- En operativos de seguridad que se realizan de forma permanente en la capital sonorense, el Gobierno de Sonora, a trav\u00e9s de la Secretar\u00eda de Seguridad P\u00fablica (SSP), incaut\u00f3 un arma de fuego a un hombre que fue detenido. En patrullajes de vigilancia por la colonia Jacinto L\u00f3pez, la [&hellip;]<\/p>\n","protected":false},"author":2,"featured_media":230990,"comment_status":"closed","ping_status":"closed","sticky":false,"template":"","format":"standard","meta":{"footnotes":""},"categories":[12870,178],"tags":[12865,12869],"class_list":["post-230989","post","type-post","status-publish","format-standard","has-post-thumbnail","hentry","category-destacadas","category-local","tag-destacadas","tag-local"],"jetpack_featured_media_url":"https:\/\/rnoticias.com.mx\/Portal\/wp-content\/uploads\/2025\/10\/unnamed.jpg","amp_enabled":true,"_links":{"self":[{"href":"https:\/\/rnoticias.com.mx\/Portal\/wp-json\/wp\/v2\/posts\/230989","targetHints":{"allow":["GET"]}}],"collection":[{"href":"https:\/\/rnoticias.com.mx\/Portal\/wp-json\/wp\/v2\/posts"}],"about":[{"href":"https:\/\/rnoticias.com.mx\/Portal\/wp-json\/wp\/v2\/types\/post"}],"author":[{"embeddable":true,"href":"https:\/\/rnoticias.com.mx\/Portal\/wp-json\/wp\/v2\/users\/2"}],"replies":[{"embeddable":true,"href":"https:\/\/rnoticias.com.mx\/Portal\/wp-json\/wp\/v2\/comments?post=230989"}],"version-history":[{"count":1,"href":"https:\/\/rnoticias.com.mx\/Portal\/wp-json\/wp\/v2\/posts\/230989\/revisions"}],"predecessor-version":[{"id":230991,"href":"https:\/\/rnoticias.com.mx\/Portal\/wp-json\/wp\/v2\/posts\/230989\/revisions\/230991"}],"wp:featuredmedia":[{"embeddable":true,"href":"https:\/\/rnoticias.com.mx\/Portal\/wp-json\/wp\/v2\/media\/230990"}],"wp:attachment":[{"href":"https:\/\/rnoticias.com.mx\/Portal\/wp-json\/wp\/v2\/media?parent=230989"}],"wp:term":[{"taxonomy":"category","embeddable":true,"href":"https:\/\/rnoticias.com.mx\/Portal\/wp-json\/wp\/v2\/categories?post=230989"},{"taxonomy":"post_tag","embeddable":true,"href":"https:\/\/rnoticias.com.mx\/Portal\/wp-json\/wp\/v2\/tags?post=230989"}],"curies":[{"name":"wp","href":"https:\/\/api.w.org\/{rel}","templated":true}]}}