{"id":230985,"date":"2025-09-30T21:42:10","date_gmt":"2025-10-01T04:42:10","guid":{"rendered":"https:\/\/rnoticias.com.mx\/Portal\/?p=230985"},"modified":"2025-09-30T21:42:10","modified_gmt":"2025-10-01T04:42:10","slug":"la-transformacion-avanza-con-la-presidenta-claudia-sheinbaum-lorenia-valles","status":"publish","type":"post","link":"https:\/\/rnoticias.com.mx\/Portal\/2025\/09\/30\/la-transformacion-avanza-con-la-presidenta-claudia-sheinbaum-lorenia-valles\/","title":{"rendered":"La transformaci\u00f3n avanza con la presidenta Claudia Sheinbaum: Lorenia Valles"},"content":{"rendered":"<p>Senado de la Rep\u00fablica, a 30 de septiembre de 2025<\/p>\n<p>\u201cLa presidenta Claudia Sheinbaum llega a su primer a\u00f1o de gobierno con la aprobaci\u00f3n de m\u00e1s de siete de cada 10 mexicanas y mexicanos. Nuestro pueblo la quiere mucho, no solo porque es la primera mujer presidenta, sino porque est\u00e1 gobernando con honestidad y buenos resultados\u201d, afirm\u00f3 la senadora Lorenia Valles Sampedro.<\/p>\n<p>Record\u00f3 que, tras la presentaci\u00f3n oficial de su Primer Informe de Gobierno ante el Congreso de la Uni\u00f3n el pasado 1 de septiembre, la presidenta de la Rep\u00fablica recorri\u00f3 31 estados informando sobre los avances de su gobierno, para concluir el domingo 5 de agosto en la explanada del Z\u00f3calo de la Ciudad de M\u00e9xico.<\/p>\n<p>\u201cEn Sonora, nuestro gobernador Alfonso Durazo ha sido un aliado para la implementaci\u00f3n de la agenda de gobierno del segundo piso de la Cuarta Transformaci\u00f3n. Cuando estuvo en Hermosillo, la presidenta asegur\u00f3 que m\u00e1s de un mill\u00f3n de sonorenses se est\u00e1 beneficiando con los programas de bienestar.\u201d<\/p>\n<p>La legisladora sonorense agreg\u00f3 que el Senado de la Rep\u00fablica est\u00e1 analizando el informe presidencial con la participaci\u00f3n de las secretar\u00edas y los secretarios de Estado; destacando los avances en materia social, econ\u00f3mica y de seguridad, as\u00ed como de pol\u00edtica interior y exterior.<\/p>\n<p>\u201cA siete a\u00f1os del cambio de r\u00e9gimen democr\u00e1ticamente con la llegada del presidente Andr\u00e9s Manuel L\u00f3pez Obrador, y del primero a\u00f1o de gobierno de la presidenta Claudia Sheinbaum, la transformaci\u00f3n avanza. Nos vemos el domingo 5 de septiembre en el Z\u00f3calo de la Ciudad de M\u00e9xico a las 11:00 de la ma\u00f1ana\u201d, concluy\u00f3.<\/p>\n","protected":false},"excerpt":{"rendered":"<p>Senado de la Rep\u00fablica, a 30 de septiembre de 2025 \u201cLa presidenta Claudia Sheinbaum llega a su primer a\u00f1o de gobierno con la aprobaci\u00f3n de m\u00e1s de siete de cada 10 mexicanas y mexicanos. Nuestro pueblo la quiere mucho, no solo porque es la primera mujer presidenta, sino porque est\u00e1 gobernando con honestidad y buenos [&hellip;]<\/p>\n","protected":false},"author":2,"featured_media":230986,"comment_status":"closed","ping_status":"closed","sticky":false,"template":"","format":"standard","meta":{"footnotes":""},"categories":[12868],"tags":[12879],"class_list":["post-230985","post","type-post","status-publish","format-standard","has-post-thumbnail","hentry","category-politica","tag-politica"],"jetpack_featured_media_url":"https:\/\/rnoticias.com.mx\/Portal\/wp-content\/uploads\/2025\/09\/9eb821bd-7490-4b1c-8e4b-9d1762257090.jpeg","amp_enabled":true,"_links":{"self":[{"href":"https:\/\/rnoticias.com.mx\/Portal\/wp-json\/wp\/v2\/posts\/230985","targetHints":{"allow":["GET"]}}],"collection":[{"href":"https:\/\/rnoticias.com.mx\/Portal\/wp-json\/wp\/v2\/posts"}],"about":[{"href":"https:\/\/rnoticias.com.mx\/Portal\/wp-json\/wp\/v2\/types\/post"}],"author":[{"embeddable":true,"href":"https:\/\/rnoticias.com.mx\/Portal\/wp-json\/wp\/v2\/users\/2"}],"replies":[{"embeddable":true,"href":"https:\/\/rnoticias.com.mx\/Portal\/wp-json\/wp\/v2\/comments?post=230985"}],"version-history":[{"count":1,"href":"https:\/\/rnoticias.com.mx\/Portal\/wp-json\/wp\/v2\/posts\/230985\/revisions"}],"predecessor-version":[{"id":230987,"href":"https:\/\/rnoticias.com.mx\/Portal\/wp-json\/wp\/v2\/posts\/230985\/revisions\/230987"}],"wp:featuredmedia":[{"embeddable":true,"href":"https:\/\/rnoticias.com.mx\/Portal\/wp-json\/wp\/v2\/media\/230986"}],"wp:attachment":[{"href":"https:\/\/rnoticias.com.mx\/Portal\/wp-json\/wp\/v2\/media?parent=230985"}],"wp:term":[{"taxonomy":"category","embeddable":true,"href":"https:\/\/rnoticias.com.mx\/Portal\/wp-json\/wp\/v2\/categories?post=230985"},{"taxonomy":"post_tag","embeddable":true,"href":"https:\/\/rnoticias.com.mx\/Portal\/wp-json\/wp\/v2\/tags?post=230985"}],"curies":[{"name":"wp","href":"https:\/\/api.w.org\/{rel}","templated":true}]}}