{"id":230982,"date":"2025-09-30T21:40:54","date_gmt":"2025-10-01T04:40:54","guid":{"rendered":"https:\/\/rnoticias.com.mx\/Portal\/?p=230982"},"modified":"2025-09-30T21:40:54","modified_gmt":"2025-10-01T04:40:54","slug":"asesinan-en-polanco-a-micky-hair-el-estilista-de-angela-aguilar-y-otras-celebridades","status":"publish","type":"post","link":"https:\/\/rnoticias.com.mx\/Portal\/2025\/09\/30\/asesinan-en-polanco-a-micky-hair-el-estilista-de-angela-aguilar-y-otras-celebridades\/","title":{"rendered":"Asesinan en Polanco a \u2018Micky Hair\u2019, el estilista de \u00c1ngela Aguilar y otras celebridades"},"content":{"rendered":"<p><strong>Miguel \u00c1ngel de la Mora<\/strong>, famoso estilista mejor conocido como \u2018Micky Hair\u2019, entre cuyos clientes se encontraba\u00a0<strong>\u00c1ngela Aguilar<\/strong>, fue asesinado en\u00a0<strong>Ciudad de M\u00e9xico<\/strong>\u00a0(CDMX), el 29 de septiembre.<\/p>\n<p>De acuerdo con la\u00a0<strong>Secretar\u00eda de Seguridad Ciudadana de la CDMX<\/strong>, \u2018Micky\u2019 fue v\u00edctima de un ataque a\u00a0<strong>balazos<\/strong>\u00a0al exterior de su negocio Micky\u2019s Hair Sal\u00f3n Masaryk, en\u00a0<strong>Polanco<\/strong>. Dos sujetos abordo de una moto llegaron al local cuando uno de ellos se baj\u00f3 del veh\u00edculo y dispar\u00f3 directamente contra el\u00a0<strong>estilista<\/strong>.<\/p>\n<p>Al respecto, la secretar\u00eda indic\u00f3 que \u201cse realizan las\u00a0<strong>investigaciones<\/strong>\u00a0correspondientes, con el an\u00e1lisis de las c\u00e1maras de videovigilancia en la zona\u201d. Por su parte, Mauricio Tabe,\u00a0<strong>alcalde de la alcald\u00eda Miguel Hidalgo<\/strong>, inform\u00f3 que se trat\u00f3 de un\u00a0<strong>ataque directo<\/strong>\u00a0y no un asalto. En un mensaje en redes sociales, dijo estar atento al caso y en trabajos coordinados para localizar y detener a los responsables.<\/p>\n<p>\u2018Micky\u2019, de 28 a\u00f1os, era el estilista de los famosos en M\u00e9xico: peinaba\u00a0<strong>reinas de belleza<\/strong>,\u00a0<strong>influencers<\/strong>\u00a0y\u00a0<strong>artistas<\/strong>\u00a0como Kenia Os y Mar\u00eda Fernanda Beltr\u00e1n Figueroa, quien represent\u00f3 a M\u00e9xico en<strong>\u00a0Miss Universo<\/strong> 2024.<\/p>\n<p>Gracias a la enorme fortuna que acumul\u00f3, pudo darse grandes lujos y ser due\u00f1o de dos salones de belleza en Ciudad de M\u00e9xico y Guadalajara, Jalisco. A su vez, de la Mora contaba con una importante presencia en\u00a0<strong>redes sociales<\/strong>, acumulando 170 mil seguidores en su cuenta personal de Instagram, donde compart\u00eda su trabajo y su vida.<\/p>\n<p>&nbsp;<\/p>\n<p>Fuente: el financiero<\/p>\n","protected":false},"excerpt":{"rendered":"<p>Miguel \u00c1ngel de la Mora, famoso estilista mejor conocido como \u2018Micky Hair\u2019, entre cuyos clientes se encontraba\u00a0\u00c1ngela Aguilar, fue asesinado en\u00a0Ciudad de M\u00e9xico\u00a0(CDMX), el 29 de septiembre. De acuerdo con la\u00a0Secretar\u00eda de Seguridad Ciudadana de la CDMX, \u2018Micky\u2019 fue v\u00edctima de un ataque a\u00a0balazos\u00a0al exterior de su negocio Micky\u2019s Hair Sal\u00f3n Masaryk, en\u00a0Polanco. Dos sujetos [&hellip;]<\/p>\n","protected":false},"author":2,"featured_media":230983,"comment_status":"closed","ping_status":"closed","sticky":false,"template":"","format":"standard","meta":{"footnotes":""},"categories":[12870,219],"tags":[12865,12875],"class_list":["post-230982","post","type-post","status-publish","format-standard","has-post-thumbnail","hentry","category-destacadas","category-espectaculos","tag-destacadas","tag-espectaculos"],"jetpack_featured_media_url":"https:\/\/rnoticias.com.mx\/Portal\/wp-content\/uploads\/2025\/09\/miguel-mora-micky-hair.webp","amp_enabled":true,"_links":{"self":[{"href":"https:\/\/rnoticias.com.mx\/Portal\/wp-json\/wp\/v2\/posts\/230982","targetHints":{"allow":["GET"]}}],"collection":[{"href":"https:\/\/rnoticias.com.mx\/Portal\/wp-json\/wp\/v2\/posts"}],"about":[{"href":"https:\/\/rnoticias.com.mx\/Portal\/wp-json\/wp\/v2\/types\/post"}],"author":[{"embeddable":true,"href":"https:\/\/rnoticias.com.mx\/Portal\/wp-json\/wp\/v2\/users\/2"}],"replies":[{"embeddable":true,"href":"https:\/\/rnoticias.com.mx\/Portal\/wp-json\/wp\/v2\/comments?post=230982"}],"version-history":[{"count":1,"href":"https:\/\/rnoticias.com.mx\/Portal\/wp-json\/wp\/v2\/posts\/230982\/revisions"}],"predecessor-version":[{"id":230984,"href":"https:\/\/rnoticias.com.mx\/Portal\/wp-json\/wp\/v2\/posts\/230982\/revisions\/230984"}],"wp:featuredmedia":[{"embeddable":true,"href":"https:\/\/rnoticias.com.mx\/Portal\/wp-json\/wp\/v2\/media\/230983"}],"wp:attachment":[{"href":"https:\/\/rnoticias.com.mx\/Portal\/wp-json\/wp\/v2\/media?parent=230982"}],"wp:term":[{"taxonomy":"category","embeddable":true,"href":"https:\/\/rnoticias.com.mx\/Portal\/wp-json\/wp\/v2\/categories?post=230982"},{"taxonomy":"post_tag","embeddable":true,"href":"https:\/\/rnoticias.com.mx\/Portal\/wp-json\/wp\/v2\/tags?post=230982"}],"curies":[{"name":"wp","href":"https:\/\/api.w.org\/{rel}","templated":true}]}}