{"id":230961,"date":"2025-09-30T21:23:26","date_gmt":"2025-10-01T04:23:26","guid":{"rendered":"https:\/\/rnoticias.com.mx\/Portal\/?p=230961"},"modified":"2025-09-30T21:23:26","modified_gmt":"2025-10-01T04:23:26","slug":"mexico-esperara-la-publicacion-de-los-nuevos-aranceles-de-trump-antes-de-responder","status":"publish","type":"post","link":"https:\/\/rnoticias.com.mx\/Portal\/2025\/09\/30\/mexico-esperara-la-publicacion-de-los-nuevos-aranceles-de-trump-antes-de-responder\/","title":{"rendered":"M\u00e9xico esperar\u00e1 la publicaci\u00f3n de los nuevos aranceles de Trump antes de responder"},"content":{"rendered":"<p>El secretario de Econom\u00eda de M\u00e9xico,\u00a0<strong>Marcelo Ebrard<\/strong>, se\u00f1al\u00f3 este martes que el gobierno de su pa\u00eds esperar\u00e1 la publicaci\u00f3n oficial de los\u00a0<strong>aranceles estadounidenses anunciados recientemente por el presidente Donald Trump a veh\u00edculos pesados y productos farmac\u00e9uticos, entre otros<\/strong>, antes de tomar una postura sobre ellos.<\/p>\n<p><strong>\u201cHay aranceles anunciados, pero no publicados todav\u00eda. Son muchos los que acaban de anunciar, entonces yo prefiero que, cuando se publiquen, ver de qu\u00e9 se trata cada uno y que incluye. Entonces fijaremos una postura sobre ello\u201d<\/strong>, explic\u00f3 el secretario ante los medios de comunicaci\u00f3n tras el evento Mentes en Acci\u00f3n en Ciudad de M\u00e9xico.<\/p>\n<p>Ebrard se\u00f1al\u00f3 que M\u00e9xico se encuentra en comunicaci\u00f3n con el secretario de Comercio estadounidense, Howerd Lutnick,<strong>\u00a0\u201cpara ver exactamente qu\u00e9 incluye cada una de esas disposiciones\u201d<\/strong>, aunque se\u00f1al\u00f3 que \u201ca veces no lo tienen claro ni los \u00e1reas t\u00e9cnicas\u201d.<\/p>\n<p>Tras las declaraciones del representante comercial estadounidense, Jamieson Greer, de este martes sobre el hecho de que las negociaciones de revisi\u00f3n del Tratado entre M\u00e9xico, Estados Unidos y Canad\u00e1 (T-MEC) \u201c<strong>probablemente\u201d\u00a0<\/strong>de cara a 2026 sean bilaterales, el secretario mexicano afirm\u00f3 que estas \u201csiempre tienen un contenido alto bilateral por una raz\u00f3n natural\u201d.<\/p>\n<p><strong>\u201cQuiz\u00e1 a lo que se refiere el embajador es que en la negociaci\u00f3n del tratado hay un contenido alto bilateral. Es inevitable y hay otros contenidos que son trilaterales, por ejemplo, sistema de soluci\u00f3n de controversias trilateral\u201d,<\/strong>\u00a0expres\u00f3.<\/p>\n<p>Ante el arancel al acero y el aluminio mexicano, Ebrard anunci\u00f3 que este martes tendr\u00e1 conversaciones con las contrapartes &#8220;y seguramente pronto&#8221; tendr\u00e1 que ir a visitarlos, aunque determin\u00f3 que las preocupaciones mexicanas se basan en que &#8220;<strong>deben respetar lo que est\u00e1 establecido en el tratado&#8221;.<\/strong><\/p>\n<p><strong>Aranceles a pa\u00edses asi\u00e1ticos\u00a0<\/strong><\/p>\n<p>Sobre la intenci\u00f3n del gobierno de aplicar aranceles de hasta el 50 % a productos de pa\u00edses asi\u00e1ticos, el funcionario justific\u00f3 que \u201cde 2020 a 2024 el d\u00e9ficit de M\u00e9xico creci\u00f3 un 83 %\u201d con el conjunto de naciones como China, Corea del Sur o India, y que en este momento M\u00e9xico est\u00e1 escuchando los argumentos de los territorios posiblemente afectados.<\/p>\n<p>M\u00e9xico plante\u00f3 en su Paquete Econ\u00f3mico 2026 imponer aranceles de hasta 50 %, lo m\u00e1ximos permitidos por la Organizaci\u00f3n Mundial del Comercio (OMC), a m\u00e1s de 1.400 productos de diferentes sectores estrat\u00e9gicos importados del continente asi\u00e1ticos con el objetivo de fortalecer la industria nacional.<\/p>\n<p><strong>El pasado viernes China comenz\u00f3 una investigaci\u00f3n para estudiar el impacto que estos grav\u00e1menes mexicanos podr\u00edan tener en el pa\u00eds oriental, si es aprobado por el Senado de la Rep\u00fablica.<\/strong><\/p>\n<p>Durante su comparecencia, Ebrard anunci\u00f3 que el gobierno est\u00e1 llevando a cabo una revisi\u00f3n \u201cuna a una\u201d del padr\u00f3n de empresas del programa de Industrias Manufactureras, Maquiladoras y de Servicio de Exportaci\u00f3n (IMMEX), que permite la importaci\u00f3n temporal de productos para su posterior exportaci\u00f3n, debido a que<strong>\u00a0&#8220;ha habido ya muchas empresas&#8221;\u00a0<\/strong>que se ha establecido que &#8220;mienten&#8221; y que han sido sancionadas.<\/p>\n<p>Las declaraciones del secretario se dieron en el marco del encuentro Mentes en Acci\u00f3n, con emprendedores mexicanos donde se presentaron diferentes proyectos relacionados con salud, medioambiente y el refuerzo a la industria nacional, en el que inversionistas deciden apostar por las ideas expuestas en el evento.<\/p>\n<p>&nbsp;<\/p>\n<p>Fuente: EFE<\/p>\n","protected":false},"excerpt":{"rendered":"<p>El secretario de Econom\u00eda de M\u00e9xico,\u00a0Marcelo Ebrard, se\u00f1al\u00f3 este martes que el gobierno de su pa\u00eds esperar\u00e1 la publicaci\u00f3n oficial de los\u00a0aranceles estadounidenses anunciados recientemente por el presidente Donald Trump a veh\u00edculos pesados y productos farmac\u00e9uticos, entre otros, antes de tomar una postura sobre ellos. \u201cHay aranceles anunciados, pero no publicados todav\u00eda. Son muchos los [&hellip;]<\/p>\n","protected":false},"author":2,"featured_media":230962,"comment_status":"closed","ping_status":"closed","sticky":false,"template":"","format":"standard","meta":{"footnotes":""},"categories":[12870,172],"tags":[12865,12874],"class_list":["post-230961","post","type-post","status-publish","format-standard","has-post-thumbnail","hentry","category-destacadas","category-nacional","tag-destacadas","tag-nacional"],"jetpack_featured_media_url":"https:\/\/rnoticias.com.mx\/Portal\/wp-content\/uploads\/2025\/09\/descarga-6.webp","amp_enabled":true,"_links":{"self":[{"href":"https:\/\/rnoticias.com.mx\/Portal\/wp-json\/wp\/v2\/posts\/230961","targetHints":{"allow":["GET"]}}],"collection":[{"href":"https:\/\/rnoticias.com.mx\/Portal\/wp-json\/wp\/v2\/posts"}],"about":[{"href":"https:\/\/rnoticias.com.mx\/Portal\/wp-json\/wp\/v2\/types\/post"}],"author":[{"embeddable":true,"href":"https:\/\/rnoticias.com.mx\/Portal\/wp-json\/wp\/v2\/users\/2"}],"replies":[{"embeddable":true,"href":"https:\/\/rnoticias.com.mx\/Portal\/wp-json\/wp\/v2\/comments?post=230961"}],"version-history":[{"count":1,"href":"https:\/\/rnoticias.com.mx\/Portal\/wp-json\/wp\/v2\/posts\/230961\/revisions"}],"predecessor-version":[{"id":230963,"href":"https:\/\/rnoticias.com.mx\/Portal\/wp-json\/wp\/v2\/posts\/230961\/revisions\/230963"}],"wp:featuredmedia":[{"embeddable":true,"href":"https:\/\/rnoticias.com.mx\/Portal\/wp-json\/wp\/v2\/media\/230962"}],"wp:attachment":[{"href":"https:\/\/rnoticias.com.mx\/Portal\/wp-json\/wp\/v2\/media?parent=230961"}],"wp:term":[{"taxonomy":"category","embeddable":true,"href":"https:\/\/rnoticias.com.mx\/Portal\/wp-json\/wp\/v2\/categories?post=230961"},{"taxonomy":"post_tag","embeddable":true,"href":"https:\/\/rnoticias.com.mx\/Portal\/wp-json\/wp\/v2\/tags?post=230961"}],"curies":[{"name":"wp","href":"https:\/\/api.w.org\/{rel}","templated":true}]}}