{"id":230958,"date":"2025-09-30T21:21:03","date_gmt":"2025-10-01T04:21:03","guid":{"rendered":"https:\/\/rnoticias.com.mx\/Portal\/?p=230958"},"modified":"2025-09-30T21:21:03","modified_gmt":"2025-10-01T04:21:03","slug":"senado-declara-constitucional-la-reforma-en-materia-de-extorsion","status":"publish","type":"post","link":"https:\/\/rnoticias.com.mx\/Portal\/2025\/09\/30\/senado-declara-constitucional-la-reforma-en-materia-de-extorsion\/","title":{"rendered":"Senado declara constitucional la reforma en materia de extorsi\u00f3n"},"content":{"rendered":"<p><strong>El Senado emiti\u00f3 la declaratoria de constitucionalidad de la reforma al art\u00edculo 73 de la Constituci\u00f3n en materia de extorsi\u00f3n.\u00a0\u00a0<\/strong><\/p>\n<p>El presidente en funciones de la Mesa Directiva, Jorge Carlos Ram\u00edrez Mar\u00edn dio cuenta de\u00a0<strong>22 congresos locales que ya aprobaron la reforma.\u00a0<\/strong><\/p>\n<p>Esta reforma constitucional faculta al Congreso de la Uni\u00f3n para\u00a0<strong>expedir una\u00a0ley general en materia de extorsi\u00f3n,<\/strong>\u00a0que establezca el tipo penal, sus agravantes, los delitos vinculados y sus sanciones.<\/p>\n<p>Estos son los estados que aprobaron la reforma:<\/p>\n<ul>\n<li>Baja California<\/li>\n<li>Baja California Sur<\/li>\n<li>Campeche<\/li>\n<li>Chiapas<\/li>\n<li>Colima<\/li>\n<li>Durango<\/li>\n<li>Guanajuato<\/li>\n<li>Guerrero<\/li>\n<li>Hidalgo<\/li>\n<li>Michoac\u00e1n<\/li>\n<li>Morelos<\/li>\n<li>Nayarit<\/li>\n<li>Oaxaca<\/li>\n<li>Quintana Roo<\/li>\n<li>San Luis Potos\u00ed<\/li>\n<li>Sinaloa<\/li>\n<li>Tabasco<\/li>\n<li>Tamaulipas<\/li>\n<li>Veracruz<\/li>\n<li>Yucat\u00e1n<\/li>\n<li>Zacatecas<\/li>\n<li>Ciudad de M\u00e9xico<\/li>\n<li><\/li>\n<\/ul>\n<p>Fuente: Milenio<\/p>\n","protected":false},"excerpt":{"rendered":"<p>El Senado emiti\u00f3 la declaratoria de constitucionalidad de la reforma al art\u00edculo 73 de la Constituci\u00f3n en materia de extorsi\u00f3n.\u00a0\u00a0 El presidente en funciones de la Mesa Directiva, Jorge Carlos Ram\u00edrez Mar\u00edn dio cuenta de\u00a022 congresos locales que ya aprobaron la reforma.\u00a0 Esta reforma constitucional faculta al Congreso de la Uni\u00f3n para\u00a0expedir una\u00a0ley general en [&hellip;]<\/p>\n","protected":false},"author":2,"featured_media":230959,"comment_status":"closed","ping_status":"closed","sticky":false,"template":"","format":"standard","meta":{"footnotes":""},"categories":[12870,12868],"tags":[12865,12879],"class_list":["post-230958","post","type-post","status-publish","format-standard","has-post-thumbnail","hentry","category-destacadas","category-politica","tag-destacadas","tag-politica"],"jetpack_featured_media_url":"https:\/\/rnoticias.com.mx\/Portal\/wp-content\/uploads\/2025\/09\/Sesion-Ordinaria.jpg","amp_enabled":true,"_links":{"self":[{"href":"https:\/\/rnoticias.com.mx\/Portal\/wp-json\/wp\/v2\/posts\/230958","targetHints":{"allow":["GET"]}}],"collection":[{"href":"https:\/\/rnoticias.com.mx\/Portal\/wp-json\/wp\/v2\/posts"}],"about":[{"href":"https:\/\/rnoticias.com.mx\/Portal\/wp-json\/wp\/v2\/types\/post"}],"author":[{"embeddable":true,"href":"https:\/\/rnoticias.com.mx\/Portal\/wp-json\/wp\/v2\/users\/2"}],"replies":[{"embeddable":true,"href":"https:\/\/rnoticias.com.mx\/Portal\/wp-json\/wp\/v2\/comments?post=230958"}],"version-history":[{"count":1,"href":"https:\/\/rnoticias.com.mx\/Portal\/wp-json\/wp\/v2\/posts\/230958\/revisions"}],"predecessor-version":[{"id":230960,"href":"https:\/\/rnoticias.com.mx\/Portal\/wp-json\/wp\/v2\/posts\/230958\/revisions\/230960"}],"wp:featuredmedia":[{"embeddable":true,"href":"https:\/\/rnoticias.com.mx\/Portal\/wp-json\/wp\/v2\/media\/230959"}],"wp:attachment":[{"href":"https:\/\/rnoticias.com.mx\/Portal\/wp-json\/wp\/v2\/media?parent=230958"}],"wp:term":[{"taxonomy":"category","embeddable":true,"href":"https:\/\/rnoticias.com.mx\/Portal\/wp-json\/wp\/v2\/categories?post=230958"},{"taxonomy":"post_tag","embeddable":true,"href":"https:\/\/rnoticias.com.mx\/Portal\/wp-json\/wp\/v2\/tags?post=230958"}],"curies":[{"name":"wp","href":"https:\/\/api.w.org\/{rel}","templated":true}]}}