{"id":230941,"date":"2025-09-30T20:58:24","date_gmt":"2025-10-01T03:58:24","guid":{"rendered":"https:\/\/rnoticias.com.mx\/Portal\/?p=230941"},"modified":"2025-09-30T20:58:24","modified_gmt":"2025-10-01T03:58:24","slug":"especialista-opina-sobre-operatividad-de-topes-inteligentes-en-hermosillo","status":"publish","type":"post","link":"https:\/\/rnoticias.com.mx\/Portal\/2025\/09\/30\/especialista-opina-sobre-operatividad-de-topes-inteligentes-en-hermosillo\/","title":{"rendered":"Especialista opina sobre operatividad de topes inteligentes en Hermosillo"},"content":{"rendered":"<p>Hermosillo, Sonora. Hermosillo se convirti\u00f3 en una de las primeras ciudades del pa\u00eds en poner a prueba los llamados \u201ctopes inteligentes\u201d, instalados en la calle Heriberto Aja frente a una escuela, con el objetivo de reducir la velocidad vehicular y prevenir accidentes.<\/p>\n<p>&nbsp;<\/p>\n<p>Hugo Moreno Freydig, integrante del colectivo Bukis a la Calle, mencion\u00f3 que la medida resulta positiva al buscar alternativas para atender los siniestros viales, ya que la capital sonorense ocupa el segundo lugar nacional en incidencia de estos hechos.<\/p>\n<p>&nbsp;<\/p>\n<p>\u201cEsos dispositivos s\u00ed logran que los automovilistas bajen la velocidad, pero tambi\u00e9n creo hay un \u00e1rea de mejora, ya que en el carril m\u00e1s cercano a la entrada de la escuela no se coloc\u00f3 tope inteligente, sino un reductor de pavimento\u201d, dijo.<\/p>\n<p>&nbsp;<\/p>\n<p>Agreg\u00f3, que de confirmarse su efectividad, se pueda replique el modelo en otras \u00e1reas con alta siniestralidad vial y no solo en entornos escolares.<\/p>\n<p>&nbsp;<\/p>\n","protected":false},"excerpt":{"rendered":"<p>Hermosillo, Sonora. Hermosillo se convirti\u00f3 en una de las primeras ciudades del pa\u00eds en poner a prueba los llamados \u201ctopes inteligentes\u201d, instalados en la calle Heriberto Aja frente a una escuela, con el objetivo de reducir la velocidad vehicular y prevenir accidentes. &nbsp; Hugo Moreno Freydig, integrante del colectivo Bukis a la Calle, mencion\u00f3 que [&hellip;]<\/p>\n","protected":false},"author":2,"featured_media":230942,"comment_status":"closed","ping_status":"closed","sticky":false,"template":"","format":"standard","meta":{"footnotes":""},"categories":[12870,178],"tags":[12865,12869],"class_list":["post-230941","post","type-post","status-publish","format-standard","has-post-thumbnail","hentry","category-destacadas","category-local","tag-destacadas","tag-local"],"jetpack_featured_media_url":"https:\/\/rnoticias.com.mx\/Portal\/wp-content\/uploads\/2025\/09\/aa5ca94a-cb81-461b-bedd-712386dafc1e.jpeg","amp_enabled":true,"_links":{"self":[{"href":"https:\/\/rnoticias.com.mx\/Portal\/wp-json\/wp\/v2\/posts\/230941","targetHints":{"allow":["GET"]}}],"collection":[{"href":"https:\/\/rnoticias.com.mx\/Portal\/wp-json\/wp\/v2\/posts"}],"about":[{"href":"https:\/\/rnoticias.com.mx\/Portal\/wp-json\/wp\/v2\/types\/post"}],"author":[{"embeddable":true,"href":"https:\/\/rnoticias.com.mx\/Portal\/wp-json\/wp\/v2\/users\/2"}],"replies":[{"embeddable":true,"href":"https:\/\/rnoticias.com.mx\/Portal\/wp-json\/wp\/v2\/comments?post=230941"}],"version-history":[{"count":1,"href":"https:\/\/rnoticias.com.mx\/Portal\/wp-json\/wp\/v2\/posts\/230941\/revisions"}],"predecessor-version":[{"id":230943,"href":"https:\/\/rnoticias.com.mx\/Portal\/wp-json\/wp\/v2\/posts\/230941\/revisions\/230943"}],"wp:featuredmedia":[{"embeddable":true,"href":"https:\/\/rnoticias.com.mx\/Portal\/wp-json\/wp\/v2\/media\/230942"}],"wp:attachment":[{"href":"https:\/\/rnoticias.com.mx\/Portal\/wp-json\/wp\/v2\/media?parent=230941"}],"wp:term":[{"taxonomy":"category","embeddable":true,"href":"https:\/\/rnoticias.com.mx\/Portal\/wp-json\/wp\/v2\/categories?post=230941"},{"taxonomy":"post_tag","embeddable":true,"href":"https:\/\/rnoticias.com.mx\/Portal\/wp-json\/wp\/v2\/tags?post=230941"}],"curies":[{"name":"wp","href":"https:\/\/api.w.org\/{rel}","templated":true}]}}