{"id":230923,"date":"2025-09-30T20:13:45","date_gmt":"2025-10-01T03:13:45","guid":{"rendered":"https:\/\/rnoticias.com.mx\/Portal\/?p=230923"},"modified":"2025-09-30T20:13:45","modified_gmt":"2025-10-01T03:13:45","slug":"haran-primera-rodada-rosa-por-la-vida-en-apoyo-a-la-pequena-valentina","status":"publish","type":"post","link":"https:\/\/rnoticias.com.mx\/Portal\/2025\/09\/30\/haran-primera-rodada-rosa-por-la-vida-en-apoyo-a-la-pequena-valentina\/","title":{"rendered":"Har\u00e1n Primera Rodada Rosa por la Vida en Apoyo a la Peque\u00f1a Valentina"},"content":{"rendered":"<p>Con el objetivo de crear conciencia sobre el c\u00e1ncer y apoyar a una causa noble, la comunidad biker de Hermosillo est\u00e1 convocando a la Primera Rodada Rosa por la Vida, un evento solidario a realizarse el pr\u00f3ximo domingo 5 de octubre de 2025, en apoyo a Valentina, una ni\u00f1a que enfrenta una dura batalla contra esta enfermedad.<\/p>\n<p>&nbsp;<\/p>\n<p>Betty Saher, coordinadora de cooperaci\u00f3n internacional de mujeres Bikers y presidente del moto club Gladiadores Hermosillo, cont\u00f3 que la rodada tiene como finalidad recaudar fondos para los gastos m\u00e9dicos de Valentina, as\u00ed como visibilizar la lucha contra el c\u00e1ncer, una enfermedad que no discrimina edad, g\u00e9nero ni condici\u00f3n.<\/p>\n<p>&nbsp;<\/p>\n<p>\u201cEn la comunidad Biker en toda la rep\u00fablica mexicana cooperamos para una instituci\u00f3n en diferentes partes del pa\u00eds, entonces platique con mi l\u00edder si nosotros pod\u00edamos cooperar para una persona de aqu\u00ed de Hermosillo y me dijeron que si\u201d, dijo.<\/p>\n<p>&nbsp;<\/p>\n<p>Posteriormente, fue que se contactaron con familiares de la menor y se pudo concretar esa actividad, la cual iniciar\u00e1 con una reuni\u00f3n a las 9:00 a.m. en la gasolinera El Faro, ubicada sobre el Blvd. Kino, desde donde partir\u00e1n rumbo a La Caba\u00f1a, Casa Club &#8220;Gladiadores HMO&#8221; que se ubica en un terreno dentro de la colonia Mirabal al sur de Hermosillo.<\/p>\n<p>&nbsp;<\/p>\n<p>Adem\u00e1s de la rodada, los asistentes podr\u00e1n disfrutar de una venta de birria as\u00ed como otros alimentos, cuyos ingresos tambi\u00e9n estar\u00e1n destinados al apoyo de Valentina<\/p>\n<p>&nbsp;<\/p>\n<p>Para mayor informaci\u00f3n y ubicaci\u00f3n exacta, los interesados pueden comunicarse v\u00eda WhatsApp al n\u00famero 662 428 1124.<\/p>\n<p>&nbsp;<\/p>\n","protected":false},"excerpt":{"rendered":"<p>Con el objetivo de crear conciencia sobre el c\u00e1ncer y apoyar a una causa noble, la comunidad biker de Hermosillo est\u00e1 convocando a la Primera Rodada Rosa por la Vida, un evento solidario a realizarse el pr\u00f3ximo domingo 5 de octubre de 2025, en apoyo a Valentina, una ni\u00f1a que enfrenta una dura batalla contra [&hellip;]<\/p>\n","protected":false},"author":2,"featured_media":230924,"comment_status":"closed","ping_status":"closed","sticky":false,"template":"","format":"standard","meta":{"footnotes":""},"categories":[12870,178],"tags":[12865,12869],"class_list":["post-230923","post","type-post","status-publish","format-standard","has-post-thumbnail","hentry","category-destacadas","category-local","tag-destacadas","tag-local"],"jetpack_featured_media_url":"https:\/\/rnoticias.com.mx\/Portal\/wp-content\/uploads\/2025\/09\/30ccd80f-3bde-47b0-bf39-7a28993973d3.jpeg","amp_enabled":true,"_links":{"self":[{"href":"https:\/\/rnoticias.com.mx\/Portal\/wp-json\/wp\/v2\/posts\/230923","targetHints":{"allow":["GET"]}}],"collection":[{"href":"https:\/\/rnoticias.com.mx\/Portal\/wp-json\/wp\/v2\/posts"}],"about":[{"href":"https:\/\/rnoticias.com.mx\/Portal\/wp-json\/wp\/v2\/types\/post"}],"author":[{"embeddable":true,"href":"https:\/\/rnoticias.com.mx\/Portal\/wp-json\/wp\/v2\/users\/2"}],"replies":[{"embeddable":true,"href":"https:\/\/rnoticias.com.mx\/Portal\/wp-json\/wp\/v2\/comments?post=230923"}],"version-history":[{"count":1,"href":"https:\/\/rnoticias.com.mx\/Portal\/wp-json\/wp\/v2\/posts\/230923\/revisions"}],"predecessor-version":[{"id":230925,"href":"https:\/\/rnoticias.com.mx\/Portal\/wp-json\/wp\/v2\/posts\/230923\/revisions\/230925"}],"wp:featuredmedia":[{"embeddable":true,"href":"https:\/\/rnoticias.com.mx\/Portal\/wp-json\/wp\/v2\/media\/230924"}],"wp:attachment":[{"href":"https:\/\/rnoticias.com.mx\/Portal\/wp-json\/wp\/v2\/media?parent=230923"}],"wp:term":[{"taxonomy":"category","embeddable":true,"href":"https:\/\/rnoticias.com.mx\/Portal\/wp-json\/wp\/v2\/categories?post=230923"},{"taxonomy":"post_tag","embeddable":true,"href":"https:\/\/rnoticias.com.mx\/Portal\/wp-json\/wp\/v2\/tags?post=230923"}],"curies":[{"name":"wp","href":"https:\/\/api.w.org\/{rel}","templated":true}]}}