{"id":230920,"date":"2025-09-30T20:11:59","date_gmt":"2025-10-01T03:11:59","guid":{"rendered":"https:\/\/rnoticias.com.mx\/Portal\/?p=230920"},"modified":"2025-09-30T20:11:59","modified_gmt":"2025-10-01T03:11:59","slug":"invitan-a-platicas-sobre-autoexploracion-de-mama-en-ceforma-durante-este-mes-de-octubre","status":"publish","type":"post","link":"https:\/\/rnoticias.com.mx\/Portal\/2025\/09\/30\/invitan-a-platicas-sobre-autoexploracion-de-mama-en-ceforma-durante-este-mes-de-octubre\/","title":{"rendered":"Invitan a pl\u00e1ticas sobre autoexploraci\u00f3n de mama en Ceforma durante este mes de octubre"},"content":{"rendered":"<p>Con el objetivo de fomentar la prevenci\u00f3n y el cuidado de la salud femenina, Ceforma organiza pl\u00e1ticas sobre autoexploraci\u00f3n de mama durante todo octubre, inform\u00f3 Abril Herrera Ochoa, responsable de promoci\u00f3n y difusi\u00f3n.<\/p>\n<p>&nbsp;<\/p>\n<p>Detall\u00f3, que estas charlas iniciaron en septiembre y continuar\u00e1n los lunes 6, 13, 20 y 27 de octubre, en horario de 4:00 a 6:00 de la tarde, con cupo limitado a 25 asistentes.<\/p>\n<p>&nbsp;<\/p>\n<p>Son pl\u00e1ticas, donde por ejemplo estas son autoexploraci\u00f3n de mamas,\u00a0donde van a aprender la t\u00e9cnica correcta para detectar a tiempo cualquier anomal\u00eda. La idea es que puedan cuidarse, nom\u00e1s ellas, su salud, las mujeres, y pues tener el control de su salud\u201d, dijo.<\/p>\n<p>&nbsp;<\/p>\n<p>Las sesiones incluyen informaci\u00f3n sobre c\u00e1ncer de mama, cifras en M\u00e9xico, factores de riesgo, causas, hormonas femeninas, signos y s\u00edntomas, adem\u00e1s de pr\u00e1cticas guiadas de autoexploraci\u00f3n para detectar a tiempo anomal\u00edas.<\/p>\n<p>&nbsp;<\/p>\n<p>Finalmente, mencion\u00f3 que las pl\u00e1ticas se imparten en Dr. Noriegas 121, entre Garmendia y Garc\u00eda Morales, en la colonia Centro. Para m\u00e1s informaci\u00f3n, las interesadas pueden comunicarse al tel\u00e9fono 6621-142498.<\/p>\n","protected":false},"excerpt":{"rendered":"<p>Con el objetivo de fomentar la prevenci\u00f3n y el cuidado de la salud femenina, Ceforma organiza pl\u00e1ticas sobre autoexploraci\u00f3n de mama durante todo octubre, inform\u00f3 Abril Herrera Ochoa, responsable de promoci\u00f3n y difusi\u00f3n. &nbsp; Detall\u00f3, que estas charlas iniciaron en septiembre y continuar\u00e1n los lunes 6, 13, 20 y 27 de octubre, en horario de [&hellip;]<\/p>\n","protected":false},"author":2,"featured_media":230921,"comment_status":"closed","ping_status":"closed","sticky":false,"template":"","format":"standard","meta":{"footnotes":""},"categories":[12870,178],"tags":[12865,12869],"class_list":["post-230920","post","type-post","status-publish","format-standard","has-post-thumbnail","hentry","category-destacadas","category-local","tag-destacadas","tag-local"],"jetpack_featured_media_url":"https:\/\/rnoticias.com.mx\/Portal\/wp-content\/uploads\/2025\/09\/442473828_780387467567181_9184404065680672448_n.jpg","amp_enabled":true,"_links":{"self":[{"href":"https:\/\/rnoticias.com.mx\/Portal\/wp-json\/wp\/v2\/posts\/230920","targetHints":{"allow":["GET"]}}],"collection":[{"href":"https:\/\/rnoticias.com.mx\/Portal\/wp-json\/wp\/v2\/posts"}],"about":[{"href":"https:\/\/rnoticias.com.mx\/Portal\/wp-json\/wp\/v2\/types\/post"}],"author":[{"embeddable":true,"href":"https:\/\/rnoticias.com.mx\/Portal\/wp-json\/wp\/v2\/users\/2"}],"replies":[{"embeddable":true,"href":"https:\/\/rnoticias.com.mx\/Portal\/wp-json\/wp\/v2\/comments?post=230920"}],"version-history":[{"count":1,"href":"https:\/\/rnoticias.com.mx\/Portal\/wp-json\/wp\/v2\/posts\/230920\/revisions"}],"predecessor-version":[{"id":230922,"href":"https:\/\/rnoticias.com.mx\/Portal\/wp-json\/wp\/v2\/posts\/230920\/revisions\/230922"}],"wp:featuredmedia":[{"embeddable":true,"href":"https:\/\/rnoticias.com.mx\/Portal\/wp-json\/wp\/v2\/media\/230921"}],"wp:attachment":[{"href":"https:\/\/rnoticias.com.mx\/Portal\/wp-json\/wp\/v2\/media?parent=230920"}],"wp:term":[{"taxonomy":"category","embeddable":true,"href":"https:\/\/rnoticias.com.mx\/Portal\/wp-json\/wp\/v2\/categories?post=230920"},{"taxonomy":"post_tag","embeddable":true,"href":"https:\/\/rnoticias.com.mx\/Portal\/wp-json\/wp\/v2\/tags?post=230920"}],"curies":[{"name":"wp","href":"https:\/\/api.w.org\/{rel}","templated":true}]}}