{"id":230899,"date":"2025-09-30T08:00:10","date_gmt":"2025-09-30T15:00:10","guid":{"rendered":"https:\/\/rnoticias.com.mx\/Portal\/?p=230899"},"modified":"2025-09-30T08:00:10","modified_gmt":"2025-09-30T15:00:10","slug":"impulsa-tec-de-monterrey-la-formacion-humana-de-sus-estudiantes-a-traves-del-servicio-social","status":"publish","type":"post","link":"https:\/\/rnoticias.com.mx\/Portal\/2025\/09\/30\/impulsa-tec-de-monterrey-la-formacion-humana-de-sus-estudiantes-a-traves-del-servicio-social\/","title":{"rendered":"Impulsa Tec de Monterrey la formaci\u00f3n humana de sus estudiantes a trav\u00e9s del servicio social"},"content":{"rendered":"<p style=\"font-weight: 400;\"><strong><em>Hermosillo, Sonora a 30 de septiembre de 2025.-<\/em><\/strong>\u00a0La Escuela de Humanidades y Educaci\u00f3n (EHE) del Tecnol\u00f3gico de Monterrey campus Sonora Norte concluy\u00f3 su Semana Tec de Inducci\u00f3n al Servicio Social, una actividad que busca despertar el sentido humano y la conciencia social en el estudiantado.<\/p>\n<p style=\"font-weight: 400;\">\n<p style=\"font-weight: 400;\">M\u00e1s de 135 estudiantes de primer semestre participaron en esta iniciativa, acreditando sus primeras 40 horas de servicio social y desarrollando propuestas para atender diversas problem\u00e1ticas sociales.<\/p>\n<p style=\"font-weight: 400;\">\n<p style=\"font-weight: 400;\">Durante la semana, las y los estudiantes trabajaron de la mano con 6 organizaciones de la sociedad civil que tambi\u00e9n son parte del programa de Socios Formadores del Tec de Monterrey:<\/p>\n<ul style=\"font-weight: 400;\">\n<li>Casa Esperanza para ni\u00f1os, I.A.P<\/li>\n<li>Capacidades \u00fanicas, A.C.<\/li>\n<li>Fundaci\u00f3n Don Juan Navarrete y Guerrero, I.A.P<\/li>\n<li>Fundaci\u00f3n Por la Educaci\u00f3n, I.A.P.<\/li>\n<li>Fundaci\u00f3n G\u00e1ndara Fern\u00e1ndez, I.A.P.<\/li>\n<li>Fundaci\u00f3n Miika, I.A.P.<\/li>\n<\/ul>\n<p style=\"font-weight: 400;\">\n<p style=\"font-weight: 400;\">El prop\u00f3sito principal fue que las y los j\u00f3venes se adentraran en la realidad de las comunidades a las que sirven, utilizando la escucha activa y la observaci\u00f3n para sensibilizarse ante las problem\u00e1ticas.<\/p>\n<p style=\"font-weight: 400;\">\n<p style=\"font-weight: 400;\">\n<p style=\"font-weight: 400;\"><strong>Generan propuestas reales y aplicables<\/strong><\/p>\n<p style=\"font-weight: 400;\">Como resultado de este proceso, se generaron 35 propuestas de acci\u00f3n enfocadas en temas como el rezago educativo, las adicciones, el bullying, la discapacidad y problem\u00e1ticas de salud. Estas propuestas, entregadas a los socios formadores, buscan promover los derechos humanos, la equidad y la dignidad de las personas.<\/p>\n<p style=\"font-weight: 400;\">\n<p style=\"font-weight: 400;\">La experiencia ha tenido un impacto significativo en el estudiantado. Seg\u00fan testimonios de quienes participaron, la semana les permiti\u00f3 confrontar sus propios prejuicios y estereotipos.<\/p>\n<p style=\"font-weight: 400;\">\n<p style=\"font-weight: 400;\">Gast\u00f3n Antonio Padilla F\u00e9lix, estudiante de la Escuela de Ingenier\u00eda y Ciencias (EIC), coment\u00f3 que descubri\u00f3 que puede escuchar de forma m\u00e1s emp\u00e1tica y que tiene una responsabilidad personal en atender las causas y consecuencias de esta necesidad social.<\/p>\n<p style=\"font-weight: 400;\">\n<p style=\"font-weight: 400;\">\u201cEntend\u00ed que puedo escuchar de forma m\u00e1s emp\u00e1tica, que mis ideas previas a veces estaban llenas de estereotipos y que es posible replantear mis prejuicios si me expongo a realidades distintas\u201d.<\/p>\n<p style=\"font-weight: 400;\">\n<p style=\"font-weight: 400;\">Por su parte, Sof\u00eda Monserrat Alba, estudiante de la Escuela de Negocios (EN), comparti\u00f3 que el contacto con las organizaciones desafi\u00f3 sus creencias previas y le hizo comprender la complejidad detr\u00e1s de las circunstancias de las personas.<\/p>\n<p style=\"font-weight: 400;\">\n<p style=\"font-weight: 400;\">\u201cMe di cuenta de que realmente era mucho m\u00e1s dif\u00edcil para otras personas salir adelante por la situaci\u00f3n en la que est\u00e1n desde que nacieron. Pude dejar de lado mis prejuicios y entender que no es falta de esfuerzo, si no de las condiciones que los limitan\u201d.<\/p>\n<p style=\"font-weight: 400;\">\n<p style=\"font-weight: 400;\">Diego Salazar Valenzuela, estudiante de la Escuela de Arquitectura, Arte y Dise\u00f1o (EAAD), indic\u00f3 que la experiencia le sirvi\u00f3 para reconocer que todas las personas somos valiosas y en su vida profesional buscar\u00e1 que sus proyectos siempre respeten la dignidad de las personas.<\/p>\n<p style=\"font-weight: 400;\">\n<p style=\"font-weight: 400;\">\u201cTodos somos humanos, con un mismo valor, nadie es m\u00e1s valioso que el otro, socialmente se puede percibir como tal, pero realmente no es as\u00ed\u201d.<\/p>\n<p style=\"font-weight: 400;\">\n<p style=\"font-weight: 400;\">Alejandra Monta\u00f1o, directora de Formaci\u00f3n Social del campus Sonora Norte, consider\u00f3 que el verdadero impacto de esta Semana Tec se mide no solo en las horas acreditadas o las propuestas generadas, sino en la profunda transformaci\u00f3n de la perspectiva estudiantil.<\/p>\n<p style=\"font-weight: 400;\">\n<p style=\"font-weight: 400;\">\u201cCon esta experiencia inmersiva los j\u00f3venes de nuevo ingreso tuvieron una mayor comprensi\u00f3n de las problem\u00e1ticas sociales y, sobre todo, la conciencia de que pueden aportar desde sus conocimientos disciplinares y talentos personales, dando as\u00ed un paso crucial para convertirse no solo en excelentes profesionistas sino tambi\u00e9n en l\u00edderes de transformaci\u00f3n social, con empat\u00eda, entendimiento de la dignidad humana y compromiso ciudadano\u201d, puntualiz\u00f3.<\/p>\n<p style=\"font-weight: 400;\">\n<p style=\"font-weight: 400;\">Es a trav\u00e9s de estas vivencias que el Tecnol\u00f3gico de Monterrey reafirma su misi\u00f3n de formar l\u00edderes con un sentido humano y conciencia social, listos para aplicar su conocimiento no solo para el \u00e9xito individual, sino para la construcci\u00f3n de una sociedad m\u00e1s justa y equitativa.<\/p>\n","protected":false},"excerpt":{"rendered":"<p>Hermosillo, Sonora a 30 de septiembre de 2025.-\u00a0La Escuela de Humanidades y Educaci\u00f3n (EHE) del Tecnol\u00f3gico de Monterrey campus Sonora Norte concluy\u00f3 su Semana Tec de Inducci\u00f3n al Servicio Social, una actividad que busca despertar el sentido humano y la conciencia social en el estudiantado. M\u00e1s de 135 estudiantes de primer semestre participaron en esta [&hellip;]<\/p>\n","protected":false},"author":2,"featured_media":230900,"comment_status":"closed","ping_status":"closed","sticky":false,"template":"","format":"standard","meta":{"footnotes":""},"categories":[12870,178],"tags":[12865,12869],"class_list":["post-230899","post","type-post","status-publish","format-standard","has-post-thumbnail","hentry","category-destacadas","category-local","tag-destacadas","tag-local"],"jetpack_featured_media_url":"https:\/\/rnoticias.com.mx\/Portal\/wp-content\/uploads\/2025\/09\/Servicio-Social-3.jpg","amp_enabled":true,"_links":{"self":[{"href":"https:\/\/rnoticias.com.mx\/Portal\/wp-json\/wp\/v2\/posts\/230899","targetHints":{"allow":["GET"]}}],"collection":[{"href":"https:\/\/rnoticias.com.mx\/Portal\/wp-json\/wp\/v2\/posts"}],"about":[{"href":"https:\/\/rnoticias.com.mx\/Portal\/wp-json\/wp\/v2\/types\/post"}],"author":[{"embeddable":true,"href":"https:\/\/rnoticias.com.mx\/Portal\/wp-json\/wp\/v2\/users\/2"}],"replies":[{"embeddable":true,"href":"https:\/\/rnoticias.com.mx\/Portal\/wp-json\/wp\/v2\/comments?post=230899"}],"version-history":[{"count":1,"href":"https:\/\/rnoticias.com.mx\/Portal\/wp-json\/wp\/v2\/posts\/230899\/revisions"}],"predecessor-version":[{"id":230901,"href":"https:\/\/rnoticias.com.mx\/Portal\/wp-json\/wp\/v2\/posts\/230899\/revisions\/230901"}],"wp:featuredmedia":[{"embeddable":true,"href":"https:\/\/rnoticias.com.mx\/Portal\/wp-json\/wp\/v2\/media\/230900"}],"wp:attachment":[{"href":"https:\/\/rnoticias.com.mx\/Portal\/wp-json\/wp\/v2\/media?parent=230899"}],"wp:term":[{"taxonomy":"category","embeddable":true,"href":"https:\/\/rnoticias.com.mx\/Portal\/wp-json\/wp\/v2\/categories?post=230899"},{"taxonomy":"post_tag","embeddable":true,"href":"https:\/\/rnoticias.com.mx\/Portal\/wp-json\/wp\/v2\/tags?post=230899"}],"curies":[{"name":"wp","href":"https:\/\/api.w.org\/{rel}","templated":true}]}}