{"id":230893,"date":"2025-09-30T07:46:50","date_gmt":"2025-09-30T14:46:50","guid":{"rendered":"https:\/\/rnoticias.com.mx\/Portal\/?p=230893"},"modified":"2025-09-30T07:46:50","modified_gmt":"2025-09-30T14:46:50","slug":"diputados-modifican-la-reforma-a-ley-aduanera","status":"publish","type":"post","link":"https:\/\/rnoticias.com.mx\/Portal\/2025\/09\/30\/diputados-modifican-la-reforma-a-ley-aduanera\/","title":{"rendered":"Diputados modifican la reforma a Ley Aduanera"},"content":{"rendered":"<p>La Comisi\u00f3n de Hacienda de la C\u00e1mara de Diputados modific\u00f3 la iniciativa de reforma a la Ley Aduanera propuesta por la presidenta Claudia\u00a0Sheinbaum, ampliando el plazo de vigencia de la patente de agentes\u00a0aduanales\u00a0hasta 40 a\u00f1os.<\/p>\n<p>El proyecto de dictamen, que comenz\u00f3 a circular este lunes entre legisladores, establece que la patente ser\u00e1 personal e intransferible, con vigencia inicial de 20 a\u00f1os, prorrogable por el mismo per\u00edodo, siempre que la solicitud se presente durante el \u00faltimo a\u00f1o de vigencia y antes de los \u00faltimos cuatro meses, cumpliendo con los requisitos para su otorgamiento y sin haber sido inhabilitado o suspendido m\u00e1s de tres veces.<\/p>\n<p><strong>La iniciativa presidencial original propon\u00eda un plazo de 10 a\u00f1os, prorrogable por igual periodo, para la patente y la autorizaci\u00f3n de las agencias aduanales. Las modificaciones se realizaron luego de reuniones con autoridades aduanales, quienes consideraron los plazos iniciales demasiado restrictivos.<\/strong><\/p>\n<p>El dictamen resalta la importancia de brindar mayor certeza financiera y profesional a los agentes y agencias, tomando en cuenta las inversiones realizadas en infraestructura, capacitaci\u00f3n y desarrollo, asegurando que sus funciones se ejerzan de manera continua y profesional.<\/p>\n<p>Otra modificaci\u00f3n importante se refiere a la certificaci\u00f3n de los agentes, que originalmente deb\u00eda realizarse cada dos a\u00f1os.\u00a0<strong>El proyecto establece que la certificaci\u00f3n ser\u00e1 cada tres a\u00f1os, con el objetivo de mantener est\u00e1ndares de actualizaci\u00f3n y profesionalizaci\u00f3n sin generar cargas administrativas adicionales.<\/strong><\/p>\n<p>La discusi\u00f3n y votaci\u00f3n del dictamen estaba programada para este martes, pero la sesi\u00f3n fue pospuesta al lunes 6 de octubre a las 10:00 horas, cuando la Comisi\u00f3n de Hacienda analizar\u00e1 las modificaciones y su eventual aprobaci\u00f3n.<\/p>\n<p>Con estas medidas, los legisladores buscan equilibrar la modernizaci\u00f3n de la Ley Aduanera con la estabilidad y la profesionalizaci\u00f3n de los agentes aduanales en M\u00e9xico.<\/p>\n","protected":false},"excerpt":{"rendered":"<p>La Comisi\u00f3n de Hacienda de la C\u00e1mara de Diputados modific\u00f3 la iniciativa de reforma a la Ley Aduanera propuesta por la presidenta Claudia\u00a0Sheinbaum, ampliando el plazo de vigencia de la patente de agentes\u00a0aduanales\u00a0hasta 40 a\u00f1os. El proyecto de dictamen, que comenz\u00f3 a circular este lunes entre legisladores, establece que la patente ser\u00e1 personal e intransferible, [&hellip;]<\/p>\n","protected":false},"author":2,"featured_media":230894,"comment_status":"closed","ping_status":"closed","sticky":false,"template":"","format":"standard","meta":{"footnotes":""},"categories":[12870,172],"tags":[12865,12874],"class_list":["post-230893","post","type-post","status-publish","format-standard","has-post-thumbnail","hentry","category-destacadas","category-nacional","tag-destacadas","tag-nacional"],"jetpack_featured_media_url":"https:\/\/rnoticias.com.mx\/Portal\/wp-content\/uploads\/2025\/09\/ley-aduanera-llega-a-la-camara-de-diputados-1200x675-1.webp","amp_enabled":true,"_links":{"self":[{"href":"https:\/\/rnoticias.com.mx\/Portal\/wp-json\/wp\/v2\/posts\/230893","targetHints":{"allow":["GET"]}}],"collection":[{"href":"https:\/\/rnoticias.com.mx\/Portal\/wp-json\/wp\/v2\/posts"}],"about":[{"href":"https:\/\/rnoticias.com.mx\/Portal\/wp-json\/wp\/v2\/types\/post"}],"author":[{"embeddable":true,"href":"https:\/\/rnoticias.com.mx\/Portal\/wp-json\/wp\/v2\/users\/2"}],"replies":[{"embeddable":true,"href":"https:\/\/rnoticias.com.mx\/Portal\/wp-json\/wp\/v2\/comments?post=230893"}],"version-history":[{"count":1,"href":"https:\/\/rnoticias.com.mx\/Portal\/wp-json\/wp\/v2\/posts\/230893\/revisions"}],"predecessor-version":[{"id":230895,"href":"https:\/\/rnoticias.com.mx\/Portal\/wp-json\/wp\/v2\/posts\/230893\/revisions\/230895"}],"wp:featuredmedia":[{"embeddable":true,"href":"https:\/\/rnoticias.com.mx\/Portal\/wp-json\/wp\/v2\/media\/230894"}],"wp:attachment":[{"href":"https:\/\/rnoticias.com.mx\/Portal\/wp-json\/wp\/v2\/media?parent=230893"}],"wp:term":[{"taxonomy":"category","embeddable":true,"href":"https:\/\/rnoticias.com.mx\/Portal\/wp-json\/wp\/v2\/categories?post=230893"},{"taxonomy":"post_tag","embeddable":true,"href":"https:\/\/rnoticias.com.mx\/Portal\/wp-json\/wp\/v2\/tags?post=230893"}],"curies":[{"name":"wp","href":"https:\/\/api.w.org\/{rel}","templated":true}]}}