{"id":230884,"date":"2025-09-29T21:12:07","date_gmt":"2025-09-30T04:12:07","guid":{"rendered":"https:\/\/rnoticias.com.mx\/Portal\/?p=230884"},"modified":"2025-09-29T21:12:07","modified_gmt":"2025-09-30T04:12:07","slug":"telcel-se-une-a-la-celebracion-con-movimiento-stem","status":"publish","type":"post","link":"https:\/\/rnoticias.com.mx\/Portal\/2025\/09\/29\/telcel-se-une-a-la-celebracion-con-movimiento-stem\/","title":{"rendered":"Telcel se une a la celebraci\u00f3n con Movimiento STEM+"},"content":{"rendered":"<p class=\"x_MsoNormal\"><b><span lang=\"ES\" data-olk-copy-source=\"MessageBody\">Telcel\u00a0<\/span><\/b><span lang=\"ES\">se une a\u00a0<b>Movimiento STEM+\u00a0<\/b>con la intenci\u00f3n de fomentar en las ni\u00f1as, ni\u00f1os y j\u00f3venes mexicanos el gusto e inter\u00e9s en la ciencia, tecnolog\u00eda, ingenier\u00eda y matem\u00e1ticas.<\/span><\/p>\n<p class=\"x_MsoNormal\"><span lang=\"ES\">\u00a0<\/span><\/p>\n<p class=\"x_MsoNormal\"><span lang=\"ES\">De esta forma, y en el marco del\u00a0<b>D\u00eda Internacional STEM,\u00a0<\/b>que se celebra el\u00a0<b>8 de noviembre,\u00a0<\/b>Telcel invita a participar en la iniciativa \u201c<b>Celebra STEM<\/b>\u201d, en la cual cientos de escuelas de nivel b\u00e1sico (primaria y secundaria) podr\u00e1n vivir la experiencia de realizar y presentar proyectos relacionados con estas \u00e1reas de conocimiento que les permitir\u00e1n a docentes y estudiantes descubrir su potencial para transformar el futuro de la humanidad.<\/span><\/p>\n<p class=\"x_MsoNormal\"><span lang=\"ES\">\u00a0<\/span><\/p>\n<p class=\"x_MsoNormal\"><span lang=\"ES\">Las y los docentes de las escuelas interesadas del pa\u00eds podr\u00e1n\u00a0<b>registrarse a partir de hoy y hasta el 5 de octubre<\/b>. Se les dar\u00e1 capacitaci\u00f3n y acompa\u00f1amiento para que puedan desarrollar sus proyectos y presentar evidencia hasta el 31 octubre. Los proyectos ser\u00e1n evaluados del 3 al 7 de noviembre y el\u00a0<b>12 de noviembre\u00a0<\/b>se realizar\u00e1 el\u00a0<b>evento de cierre\u00a0<\/b>donde los mejores proyectos ser\u00e1n premiados y reconocidos.<\/span><\/p>\n<p class=\"x_MsoNormal\"><b><span lang=\"ES\">\u00a0<\/span><\/b><\/p>\n<p class=\"x_MsoNormal\"><b><span lang=\"ES\">Celebra STEM<\/span><\/b><span lang=\"ES\">\u00a0no es solo una actividad escolar, es un llamado a imaginar nuevas posibilidades, a construir conocimiento con prop\u00f3sito y a colaborar desde todos los sectores para que ni\u00f1as, ni\u00f1os y adolescentes tengan la posibilidad de aprovechar las oportunidades que el siglo XXI les ofrece y crear un mundo m\u00e1s justo e incluyente.<\/span><\/p>\n<p class=\"x_MsoNormal\"><span lang=\"ES\">\u00a0<\/span><\/p>\n<p class=\"x_MsoNormal\"><span lang=\"ES\">Con esta iniciativa, Telcel busca despertar en las ni\u00f1as, ni\u00f1os y j\u00f3venes el gusto por las disciplinas STEM que no solo impulsan la innovaci\u00f3n y el progreso, sino que tambi\u00e9n abren puertas a nuevas oportunidades, fortalecen econom\u00edas y son clave para lograr la igualdad sustantiva.<b><\/b><\/span><\/p>\n<p class=\"x_MsoNormal\"><span lang=\"ES-TRAD\">\u00a0<\/span><\/p>\n<p class=\"x_MsoNormal\"><b><span lang=\"ES\">Acerca de Telcel<\/span><\/b><\/p>\n<p class=\"x_MsoNormal\"><span lang=\"ES\">Telcel es una empresa mexicana con 35 a\u00f1os de experiencia en las telecomunicaciones inal\u00e1mbricas del pa\u00eds. Desde 1989 trabaja con altos est\u00e1ndares de calidad, atenci\u00f3n e innovaci\u00f3n, brindando una completa y competitiva experiencia en servicio, entretenimiento y productividad. Siempre a la vanguardia, proporciona conectividad inal\u00e1mbrica de voz y datos en las tecnolog\u00edas 2G, 3G, 4G (LTE), 4.5G y 5G. Para m\u00e1s informaci\u00f3n visite\u00a0<\/span><span lang=\"ES\"><a title=\"http:\/\/www.telcel.com\" href=\"http:\/\/www.telcel.com\/\" target=\"_blank\" rel=\"noopener noreferrer\" data-auth=\"NotApplicable\" data-linkindex=\"0\">www.telcel.com<\/a><\/span><\/p>\n<p class=\"x_MsoNormal\"><b><span lang=\"ES\">\u00a0<\/span><\/b><\/p>\n<p class=\"x_MsoNormal\"><b><span lang=\"ES\">Acerca de Movimiento STEM+<\/span><\/b><\/p>\n<p class=\"x_MsoNormal\"><span lang=\"ES\">Asociaci\u00f3n civil que incide en la<b>\u00a0pol\u00edtica educativa<\/b>\u00a0y transforma\u00a0<b>iniciativas de Educaci\u00f3n STEM\u00a0<\/b>en programas de<b>\u00a0alto impacto\u00a0<\/b>con el objetivo de\u00a0<b>cerrar brechas y resolver los grandes retos de la humanidad<\/b>.\u00a0<\/span><span lang=\"EN-US\">Iniciativa avalada por\u00a0<b>Global STEM Alliance<\/b>\u00a0y\u00a0<b>STEM Learning Ecosystems.<\/b>\u00a0<\/span><span lang=\"ES\">\u00a1Hemos impactado a m\u00e1s de\u00a0<b>9 millones\u00a0<\/b>de personas!<\/span><\/p>\n<p class=\"x_MsoNormal\"><span lang=\"ES-TRAD\">\u00a0<\/span><\/p>\n<p class=\"x_MsoNormal\"><span lang=\"ES\">M\u00e1s informaci\u00f3n:\u00a0<\/span><span lang=\"ES\"><a title=\"http:\/\/www.celebrastem.org\" href=\"http:\/\/www.celebrastem.org\/\" target=\"_blank\" rel=\"noopener noreferrer\" data-auth=\"NotApplicable\" data-linkindex=\"1\">www.celebrastem.org<\/a><\/span><\/p>\n","protected":false},"excerpt":{"rendered":"<p>Telcel\u00a0se une a\u00a0Movimiento STEM+\u00a0con la intenci\u00f3n de fomentar en las ni\u00f1as, ni\u00f1os y j\u00f3venes mexicanos el gusto e inter\u00e9s en la ciencia, tecnolog\u00eda, ingenier\u00eda y matem\u00e1ticas. \u00a0 De esta forma, y en el marco del\u00a0D\u00eda Internacional STEM,\u00a0que se celebra el\u00a08 de noviembre,\u00a0Telcel invita a participar en la iniciativa \u201cCelebra STEM\u201d, en la cual cientos de [&hellip;]<\/p>\n","protected":false},"author":2,"featured_media":230885,"comment_status":"closed","ping_status":"closed","sticky":false,"template":"","format":"standard","meta":{"footnotes":""},"categories":[12870,172],"tags":[12865,12874],"class_list":["post-230884","post","type-post","status-publish","format-standard","has-post-thumbnail","hentry","category-destacadas","category-nacional","tag-destacadas","tag-nacional"],"jetpack_featured_media_url":"https:\/\/rnoticias.com.mx\/Portal\/wp-content\/uploads\/2025\/09\/logotipo_movimiento_stem_con_fondo-1024x544-1.png","amp_enabled":true,"_links":{"self":[{"href":"https:\/\/rnoticias.com.mx\/Portal\/wp-json\/wp\/v2\/posts\/230884","targetHints":{"allow":["GET"]}}],"collection":[{"href":"https:\/\/rnoticias.com.mx\/Portal\/wp-json\/wp\/v2\/posts"}],"about":[{"href":"https:\/\/rnoticias.com.mx\/Portal\/wp-json\/wp\/v2\/types\/post"}],"author":[{"embeddable":true,"href":"https:\/\/rnoticias.com.mx\/Portal\/wp-json\/wp\/v2\/users\/2"}],"replies":[{"embeddable":true,"href":"https:\/\/rnoticias.com.mx\/Portal\/wp-json\/wp\/v2\/comments?post=230884"}],"version-history":[{"count":1,"href":"https:\/\/rnoticias.com.mx\/Portal\/wp-json\/wp\/v2\/posts\/230884\/revisions"}],"predecessor-version":[{"id":230886,"href":"https:\/\/rnoticias.com.mx\/Portal\/wp-json\/wp\/v2\/posts\/230884\/revisions\/230886"}],"wp:featuredmedia":[{"embeddable":true,"href":"https:\/\/rnoticias.com.mx\/Portal\/wp-json\/wp\/v2\/media\/230885"}],"wp:attachment":[{"href":"https:\/\/rnoticias.com.mx\/Portal\/wp-json\/wp\/v2\/media?parent=230884"}],"wp:term":[{"taxonomy":"category","embeddable":true,"href":"https:\/\/rnoticias.com.mx\/Portal\/wp-json\/wp\/v2\/categories?post=230884"},{"taxonomy":"post_tag","embeddable":true,"href":"https:\/\/rnoticias.com.mx\/Portal\/wp-json\/wp\/v2\/tags?post=230884"}],"curies":[{"name":"wp","href":"https:\/\/api.w.org\/{rel}","templated":true}]}}