{"id":230866,"date":"2025-09-29T20:40:28","date_gmt":"2025-09-30T03:40:28","guid":{"rendered":"https:\/\/rnoticias.com.mx\/Portal\/?p=230866"},"modified":"2025-09-29T20:40:28","modified_gmt":"2025-09-30T03:40:28","slug":"opera-con-eficacia-tope-inteligente-para-prevenir-accidentes-viales-en-calle-heriberto-aja","status":"publish","type":"post","link":"https:\/\/rnoticias.com.mx\/Portal\/2025\/09\/29\/opera-con-eficacia-tope-inteligente-para-prevenir-accidentes-viales-en-calle-heriberto-aja\/","title":{"rendered":"Opera con eficacia tope inteligente para prevenir accidentes viales en calle Heriberto Aja"},"content":{"rendered":"<p>Hermosillo, Sonora; 29 de septiembre de 2025.- Con el primer tope inteligente en la historia de Hermosillo se busca abonar a la conciencia entre las y los automovilistas sobre la prevenci\u00f3n de accidentes viales mediante el respeto de los l\u00edmites de velocidad, inform\u00f3 Astart\u00e9 Corro Ruiz, titular de la Direcci\u00f3n General de Desarrollo de Infraestructura (DGDI).<\/p>\n<p>La funcionaria comparti\u00f3 que el dispositivo se compone de dos partes que abarcan dos carriles de la vialidad y \u00e9stos suben o bajan dependiendo de la velocidad con que transitan los veh\u00edculos en los carriles correspondientes, la cual la miden sensores ubicados a 30, 40 y 50 metros.<\/p>\n<p>Si el conductor o la conductora van muy r\u00e1pido tendr\u00e1n que pasar por un tope elevado y si respetan la velocidad m\u00e1xima permitida pasar\u00e1n por una superficie a nivel del pavimento, abund\u00f3.<\/p>\n<p>Detall\u00f3 que en horario escolar estar\u00e1n configurados para elevarse al detectar velocidad mayor a los 20 kil\u00f3metros y fuera de este horario el l\u00edmite ser\u00e1 de 30 kil\u00f3metros.<\/p>\n<p>Para facilitar la adaptaci\u00f3n a este sistema hay junto a los topes unos dispositivos con dos luces, la naranja indica que est\u00e1 elevado y la verde que se encuentra abajo, adem\u00e1s de que registran datos de aforo vehicular y velocidades, que son muy importantes para el \u00e1rea de movilidad de la DGDI, a\u00f1adi\u00f3.<\/p>\n<p>Para el presidente municipal Antonio Astiazar\u00e1n Guti\u00e9rrez la seguridad vial en beneficio de todas las personas usuarias de la v\u00eda p\u00fablica es muy importante y por eso se instal\u00f3 este dispositivo que incorpora la tecnolog\u00eda a la prevenci\u00f3n de accidentes por exceso de velocidad, asegur\u00f3.<\/p>\n<p>\u201cSe trata de que estemos conscientes de la velocidad que debemos tener en una zona escolar y en las vialidades de nuestro Hermosillo y tratar de disminuir lo m\u00e1s que sea posible los accidentes que se han venido presentando en la ciudad\u201d, concluy\u00f3.<\/p>\n","protected":false},"excerpt":{"rendered":"<p>Hermosillo, Sonora; 29 de septiembre de 2025.- Con el primer tope inteligente en la historia de Hermosillo se busca abonar a la conciencia entre las y los automovilistas sobre la prevenci\u00f3n de accidentes viales mediante el respeto de los l\u00edmites de velocidad, inform\u00f3 Astart\u00e9 Corro Ruiz, titular de la Direcci\u00f3n General de Desarrollo de Infraestructura [&hellip;]<\/p>\n","protected":false},"author":2,"featured_media":230867,"comment_status":"closed","ping_status":"closed","sticky":false,"template":"","format":"standard","meta":{"footnotes":""},"categories":[12870,178],"tags":[12865,12869],"class_list":["post-230866","post","type-post","status-publish","format-standard","has-post-thumbnail","hentry","category-destacadas","category-local","tag-destacadas","tag-local"],"jetpack_featured_media_url":"https:\/\/rnoticias.com.mx\/Portal\/wp-content\/uploads\/2025\/09\/69c28560-604e-44a0-a96f-c994050d5a9d.jpeg","amp_enabled":true,"_links":{"self":[{"href":"https:\/\/rnoticias.com.mx\/Portal\/wp-json\/wp\/v2\/posts\/230866","targetHints":{"allow":["GET"]}}],"collection":[{"href":"https:\/\/rnoticias.com.mx\/Portal\/wp-json\/wp\/v2\/posts"}],"about":[{"href":"https:\/\/rnoticias.com.mx\/Portal\/wp-json\/wp\/v2\/types\/post"}],"author":[{"embeddable":true,"href":"https:\/\/rnoticias.com.mx\/Portal\/wp-json\/wp\/v2\/users\/2"}],"replies":[{"embeddable":true,"href":"https:\/\/rnoticias.com.mx\/Portal\/wp-json\/wp\/v2\/comments?post=230866"}],"version-history":[{"count":1,"href":"https:\/\/rnoticias.com.mx\/Portal\/wp-json\/wp\/v2\/posts\/230866\/revisions"}],"predecessor-version":[{"id":230868,"href":"https:\/\/rnoticias.com.mx\/Portal\/wp-json\/wp\/v2\/posts\/230866\/revisions\/230868"}],"wp:featuredmedia":[{"embeddable":true,"href":"https:\/\/rnoticias.com.mx\/Portal\/wp-json\/wp\/v2\/media\/230867"}],"wp:attachment":[{"href":"https:\/\/rnoticias.com.mx\/Portal\/wp-json\/wp\/v2\/media?parent=230866"}],"wp:term":[{"taxonomy":"category","embeddable":true,"href":"https:\/\/rnoticias.com.mx\/Portal\/wp-json\/wp\/v2\/categories?post=230866"},{"taxonomy":"post_tag","embeddable":true,"href":"https:\/\/rnoticias.com.mx\/Portal\/wp-json\/wp\/v2\/tags?post=230866"}],"curies":[{"name":"wp","href":"https:\/\/api.w.org\/{rel}","templated":true}]}}