{"id":230836,"date":"2025-09-29T20:25:41","date_gmt":"2025-09-30T03:25:41","guid":{"rendered":"https:\/\/rnoticias.com.mx\/Portal\/?p=230836"},"modified":"2025-09-29T20:25:41","modified_gmt":"2025-09-30T03:25:41","slug":"73-de-los-mexicanos-aprueba-a-claudia-sheinbaum-a-dias-de-cumplir-un-ano-como-presidenta","status":"publish","type":"post","link":"https:\/\/rnoticias.com.mx\/Portal\/2025\/09\/29\/73-de-los-mexicanos-aprueba-a-claudia-sheinbaum-a-dias-de-cumplir-un-ano-como-presidenta\/","title":{"rendered":"73% de los mexicanos aprueba a Claudia Sheinbaum a d\u00edas de cumplir un a\u00f1o como presidenta"},"content":{"rendered":"<p>Siete de cada diez\u00a0<strong>mexicanos<\/strong>, el 73 %, aprobaron la gesti\u00f3n de la presidenta\u00a0<strong>Claudia Sheinbaum<\/strong>, que este mi\u00e9rcoles cumplir\u00e1 un a\u00f1o en el\u00a0<strong>cargo del Ejecutivo<\/strong>, seg\u00fan revel\u00f3 la encuesta mensual del medio El Financiero.<\/p>\n<p>Este nivel de aprobaci\u00f3n es un punto porcentual menor del que obtuvo en agosto (74 %), dos puntos menos en comparaci\u00f3n con julio (75 %) y doce menos que el mes de febrero (85 %), cuando obtuvo la\u00a0<strong>calificaci\u00f3n m\u00e1s elevada<\/strong>.<\/p>\n<p>En la encuesta realizada a mil mexicanos, el 48 % valor\u00f3 que M\u00e9xico ha mejorado en\u00a0<strong>pobreza y desigualdad<\/strong>, as\u00ed como en escuelas y sistema educativo; mientras que 44 % destac\u00f3 la mejor\u00eda en los servicios m\u00e9dicos y de\u00a0<strong>salud p\u00fablica<\/strong>. Adem\u00e1s, 39 % opin\u00f3 que ha mejorado el combate al tr\u00e1fico de combustible y el 36 % ve mejoras respecto a\u00a0<strong>Petr\u00f3leos Mexicanos<\/strong>\u00a0(Pemex).<\/p>\n<p>Los temas de mayor preocupaci\u00f3n para los mexicanos fueron la\u00a0<strong>inseguridad social<\/strong>\u00a0(52 %), la corrupci\u00f3n (21 %) y la econom\u00eda o el desempleo (18 %). En el \u00e1mbito de la\u00a0<strong>corrupci\u00f3n<\/strong>, el 75 % considera que la gesti\u00f3n es negativa, y solo el 19 %, positiva. Este es el peor registro desde abril.<\/p>\n<p>La encuesta realizada por el medio mexicano del 11 al 15 y del 18 al 22 de septiembre tiene un nivel de confianza del 95 % y un margen de error del 3,1 %.<\/p>\n<p>&nbsp;<\/p>\n","protected":false},"excerpt":{"rendered":"<p>Siete de cada diez\u00a0mexicanos, el 73 %, aprobaron la gesti\u00f3n de la presidenta\u00a0Claudia Sheinbaum, que este mi\u00e9rcoles cumplir\u00e1 un a\u00f1o en el\u00a0cargo del Ejecutivo, seg\u00fan revel\u00f3 la encuesta mensual del medio El Financiero. Este nivel de aprobaci\u00f3n es un punto porcentual menor del que obtuvo en agosto (74 %), dos puntos menos en comparaci\u00f3n con [&hellip;]<\/p>\n","protected":false},"author":2,"featured_media":230837,"comment_status":"closed","ping_status":"closed","sticky":false,"template":"","format":"standard","meta":{"footnotes":""},"categories":[12870,12868],"tags":[12865,12879],"class_list":["post-230836","post","type-post","status-publish","format-standard","has-post-thumbnail","hentry","category-destacadas","category-politica","tag-destacadas","tag-politica"],"jetpack_featured_media_url":"https:\/\/rnoticias.com.mx\/Portal\/wp-content\/uploads\/2025\/09\/claudia-sheinbaum-548x300-1.webp","amp_enabled":true,"_links":{"self":[{"href":"https:\/\/rnoticias.com.mx\/Portal\/wp-json\/wp\/v2\/posts\/230836","targetHints":{"allow":["GET"]}}],"collection":[{"href":"https:\/\/rnoticias.com.mx\/Portal\/wp-json\/wp\/v2\/posts"}],"about":[{"href":"https:\/\/rnoticias.com.mx\/Portal\/wp-json\/wp\/v2\/types\/post"}],"author":[{"embeddable":true,"href":"https:\/\/rnoticias.com.mx\/Portal\/wp-json\/wp\/v2\/users\/2"}],"replies":[{"embeddable":true,"href":"https:\/\/rnoticias.com.mx\/Portal\/wp-json\/wp\/v2\/comments?post=230836"}],"version-history":[{"count":1,"href":"https:\/\/rnoticias.com.mx\/Portal\/wp-json\/wp\/v2\/posts\/230836\/revisions"}],"predecessor-version":[{"id":230838,"href":"https:\/\/rnoticias.com.mx\/Portal\/wp-json\/wp\/v2\/posts\/230836\/revisions\/230838"}],"wp:featuredmedia":[{"embeddable":true,"href":"https:\/\/rnoticias.com.mx\/Portal\/wp-json\/wp\/v2\/media\/230837"}],"wp:attachment":[{"href":"https:\/\/rnoticias.com.mx\/Portal\/wp-json\/wp\/v2\/media?parent=230836"}],"wp:term":[{"taxonomy":"category","embeddable":true,"href":"https:\/\/rnoticias.com.mx\/Portal\/wp-json\/wp\/v2\/categories?post=230836"},{"taxonomy":"post_tag","embeddable":true,"href":"https:\/\/rnoticias.com.mx\/Portal\/wp-json\/wp\/v2\/tags?post=230836"}],"curies":[{"name":"wp","href":"https:\/\/api.w.org\/{rel}","templated":true}]}}