{"id":230830,"date":"2025-09-29T20:17:04","date_gmt":"2025-09-30T03:17:04","guid":{"rendered":"https:\/\/rnoticias.com.mx\/Portal\/?p=230830"},"modified":"2025-09-29T20:17:04","modified_gmt":"2025-09-30T03:17:04","slug":"julio-cesar-chavez-es-intervenido-de-emergencia-en-culiacan","status":"publish","type":"post","link":"https:\/\/rnoticias.com.mx\/Portal\/2025\/09\/29\/julio-cesar-chavez-es-intervenido-de-emergencia-en-culiacan\/","title":{"rendered":"Julio C\u00e9sar Ch\u00e1vez es intervenido de emergencia en Culiac\u00e1n"},"content":{"rendered":"<p>Este domingo la leyenda del boxeo J<strong>ulio C\u00e9sar Ch\u00e1vez preocup\u00f3 a sus seguidores luego de ser internado de emergencia en un hospital de Culiac\u00e1n, Sinaloa a causa de un fuerte dolor, por lo que tuvo que ser intervenido quir\u00fargicamente.<\/strong><\/p>\n<p><strong>El encargado de dar a conocer la noticia fue su hijo<\/strong>, Omar Ch\u00e1vez, mediante un video publicado en sus redes sociales donde se pod\u00eda apreciar a \u201cEl C\u00e9sar\u201d recostado en una cama de hospital.<\/p>\n<p><strong>&#8220;Estamos en el Hospital Los \u00c1ngeles, con el doc\u2026 van a operar a mi ap\u00e1 y estamos aqu\u00ed&#8221;,<\/strong>\u00a0mencion\u00f3\u00a0Omar Ch\u00e1vez en el video.<\/p>\n<p>En el video tambi\u00e9n se aprecia al m\u00e9dico encargado del procedimiento y explic\u00f3 la situaci\u00f3n que sufr\u00eda Ch\u00e1vez, que se deb\u00eda a una obstrucci\u00f3n en la v\u00eda urinaria.<\/p>\n<p>&#8220;Desde hace mucho tiempo estoy pendiente de la salud del campe\u00f3n ac\u00e1 en Culiac\u00e1n, y\u00a0<strong>esta vez tra\u00eda un dolorcito, que es ocasionado por una piedra que est\u00e1 en la v\u00eda urinaria, en el ur\u00e9ter izquierdo, y ahorita se la van a quitar&#8221;, comparti\u00f3.<\/strong><\/p>\n<p>Horas despu\u00e9s, Polo Ch\u00e1vez, hermano del gran campe\u00f3n confirmo que la cirug\u00eda hab\u00eda salido bien y agradec\u00eda las bendiciones y oraciones que comparti\u00f3 la afici\u00f3n para su hermano.<\/p>\n<p>&nbsp;<\/p>\n<p>&nbsp;<\/p>\n<p>Fuente: El Universal<\/p>\n","protected":false},"excerpt":{"rendered":"<p>Este domingo la leyenda del boxeo Julio C\u00e9sar Ch\u00e1vez preocup\u00f3 a sus seguidores luego de ser internado de emergencia en un hospital de Culiac\u00e1n, Sinaloa a causa de un fuerte dolor, por lo que tuvo que ser intervenido quir\u00fargicamente. El encargado de dar a conocer la noticia fue su hijo, Omar Ch\u00e1vez, mediante un video [&hellip;]<\/p>\n","protected":false},"author":2,"featured_media":230831,"comment_status":"closed","ping_status":"closed","sticky":false,"template":"","format":"standard","meta":{"footnotes":""},"categories":[188,12870],"tags":[5231,12865],"class_list":["post-230830","post","type-post","status-publish","format-standard","has-post-thumbnail","hentry","category-deportes","category-destacadas","tag-deportes","tag-destacadas"],"jetpack_featured_media_url":"https:\/\/rnoticias.com.mx\/Portal\/wp-content\/uploads\/2025\/09\/julio-chavez.png_1186458081.webp","amp_enabled":true,"_links":{"self":[{"href":"https:\/\/rnoticias.com.mx\/Portal\/wp-json\/wp\/v2\/posts\/230830","targetHints":{"allow":["GET"]}}],"collection":[{"href":"https:\/\/rnoticias.com.mx\/Portal\/wp-json\/wp\/v2\/posts"}],"about":[{"href":"https:\/\/rnoticias.com.mx\/Portal\/wp-json\/wp\/v2\/types\/post"}],"author":[{"embeddable":true,"href":"https:\/\/rnoticias.com.mx\/Portal\/wp-json\/wp\/v2\/users\/2"}],"replies":[{"embeddable":true,"href":"https:\/\/rnoticias.com.mx\/Portal\/wp-json\/wp\/v2\/comments?post=230830"}],"version-history":[{"count":1,"href":"https:\/\/rnoticias.com.mx\/Portal\/wp-json\/wp\/v2\/posts\/230830\/revisions"}],"predecessor-version":[{"id":230832,"href":"https:\/\/rnoticias.com.mx\/Portal\/wp-json\/wp\/v2\/posts\/230830\/revisions\/230832"}],"wp:featuredmedia":[{"embeddable":true,"href":"https:\/\/rnoticias.com.mx\/Portal\/wp-json\/wp\/v2\/media\/230831"}],"wp:attachment":[{"href":"https:\/\/rnoticias.com.mx\/Portal\/wp-json\/wp\/v2\/media?parent=230830"}],"wp:term":[{"taxonomy":"category","embeddable":true,"href":"https:\/\/rnoticias.com.mx\/Portal\/wp-json\/wp\/v2\/categories?post=230830"},{"taxonomy":"post_tag","embeddable":true,"href":"https:\/\/rnoticias.com.mx\/Portal\/wp-json\/wp\/v2\/tags?post=230830"}],"curies":[{"name":"wp","href":"https:\/\/api.w.org\/{rel}","templated":true}]}}