{"id":230824,"date":"2025-09-29T20:05:00","date_gmt":"2025-09-30T03:05:00","guid":{"rendered":"https:\/\/rnoticias.com.mx\/Portal\/?p=230824"},"modified":"2025-09-29T20:05:00","modified_gmt":"2025-09-30T03:05:00","slug":"agua-el-reto-mas-urgente-para-el-norte-de-hermosillo-uuh","status":"publish","type":"post","link":"https:\/\/rnoticias.com.mx\/Portal\/2025\/09\/29\/agua-el-reto-mas-urgente-para-el-norte-de-hermosillo-uuh\/","title":{"rendered":"Agua, el reto m\u00e1s urgente para el norte de Hermosillo: UUH"},"content":{"rendered":"<p>Hermosillo, Sonora, Uno de los problemas m\u00e1s graves y persistentes que enfrenta Hermosillo es el desabasto de agua, especialmente en la zona norte de la ciudad, enfatiz\u00f3 Ignacio Peinado Luna.<\/p>\n<p>&nbsp;<\/p>\n<p>El dirigente de la Uni\u00f3n de Usuarios en Hermosillo, declar\u00f3 que se trata de una demanda leg\u00edtima y profundamente sentida por la ciudadan\u00eda, que por a\u00f1os no ha recibido una soluci\u00f3n efectiva.<\/p>\n<p>&nbsp;<\/p>\n<p>\u201cLa falta de suficiente flujo y una distribuci\u00f3n adecuada del agua especialmente en el norte de Hermosillo sigue siendo una constante al d\u00eda de hoy, lo que impide garantizar un servicio oportuno y digno para miles de familias\u201d, precis\u00f3.<\/p>\n<p>&nbsp;<\/p>\n<p>A pesar de las acciones emprendidas por las autoridades, es evidente que no han sido suficientes. La ciudad necesita medidas adicionales que atiendan no solo el suministro inmediato, sino que tambi\u00e9n resuelvan de fondo el rezago hist\u00f3rico en infraestructura h\u00eddrica.<\/p>\n<p>&nbsp;<\/p>\n<p>Recalc\u00f3, que es urgente invertir en la modernizaci\u00f3n del sistema de distribuci\u00f3n para reducir el desperdicio por fugas, consecuencia directa de una red obsoleta que ya no responde a las necesidades actuales.<\/p>\n<p>&nbsp;<\/p>\n<p>\u201cEste problema, que arrastra d\u00e9cadas, exige una respuesta integral y de largo plazo, la gesti\u00f3n eficiente del agua no puede seguir posterg\u00e1ndose. Es una cuesti\u00f3n social y de justicia para quienes viven en condiciones de desigualdad en el acceso a este recurso\u201d, dijo.<\/p>\n<p>&nbsp;<\/p>\n<p>Tambi\u00e9n puntualiz\u00f3, que las vialidades representan un reto importante, por el mal estado de calles y avenidas, especialmente en colonias, se agrava con cada temporada de lluvias.<\/p>\n<p>&nbsp;<\/p>\n<p>\u201cY no podemos olvidar la reducci\u00f3n de la inseguridad en las colonias\u201d, finaliz\u00f3.<\/p>\n<p>&nbsp;<\/p>\n<p>&nbsp;<\/p>\n<p>El dato:<\/p>\n<p>&nbsp;<\/p>\n<p>En temas como la recolecci\u00f3n de basura Peinado Luna resalto, que se ha mostrado constancia y puntualidad por parte del personal de esa \u00e1rea municipal, por lo que a la fecha, es uno de los pocos servicios que mantienen buen desempe\u00f1o en lo general.<\/p>\n<p>&nbsp;<\/p>\n","protected":false},"excerpt":{"rendered":"<p>Hermosillo, Sonora, Uno de los problemas m\u00e1s graves y persistentes que enfrenta Hermosillo es el desabasto de agua, especialmente en la zona norte de la ciudad, enfatiz\u00f3 Ignacio Peinado Luna. &nbsp; El dirigente de la Uni\u00f3n de Usuarios en Hermosillo, declar\u00f3 que se trata de una demanda leg\u00edtima y profundamente sentida por la ciudadan\u00eda, que [&hellip;]<\/p>\n","protected":false},"author":2,"featured_media":230825,"comment_status":"closed","ping_status":"closed","sticky":false,"template":"","format":"standard","meta":{"footnotes":""},"categories":[12870,178],"tags":[12865,12869],"class_list":["post-230824","post","type-post","status-publish","format-standard","has-post-thumbnail","hentry","category-destacadas","category-local","tag-destacadas","tag-local"],"jetpack_featured_media_url":"https:\/\/rnoticias.com.mx\/Portal\/wp-content\/uploads\/2025\/09\/Falta-de-agua-1.jpg","amp_enabled":true,"_links":{"self":[{"href":"https:\/\/rnoticias.com.mx\/Portal\/wp-json\/wp\/v2\/posts\/230824","targetHints":{"allow":["GET"]}}],"collection":[{"href":"https:\/\/rnoticias.com.mx\/Portal\/wp-json\/wp\/v2\/posts"}],"about":[{"href":"https:\/\/rnoticias.com.mx\/Portal\/wp-json\/wp\/v2\/types\/post"}],"author":[{"embeddable":true,"href":"https:\/\/rnoticias.com.mx\/Portal\/wp-json\/wp\/v2\/users\/2"}],"replies":[{"embeddable":true,"href":"https:\/\/rnoticias.com.mx\/Portal\/wp-json\/wp\/v2\/comments?post=230824"}],"version-history":[{"count":1,"href":"https:\/\/rnoticias.com.mx\/Portal\/wp-json\/wp\/v2\/posts\/230824\/revisions"}],"predecessor-version":[{"id":230826,"href":"https:\/\/rnoticias.com.mx\/Portal\/wp-json\/wp\/v2\/posts\/230824\/revisions\/230826"}],"wp:featuredmedia":[{"embeddable":true,"href":"https:\/\/rnoticias.com.mx\/Portal\/wp-json\/wp\/v2\/media\/230825"}],"wp:attachment":[{"href":"https:\/\/rnoticias.com.mx\/Portal\/wp-json\/wp\/v2\/media?parent=230824"}],"wp:term":[{"taxonomy":"category","embeddable":true,"href":"https:\/\/rnoticias.com.mx\/Portal\/wp-json\/wp\/v2\/categories?post=230824"},{"taxonomy":"post_tag","embeddable":true,"href":"https:\/\/rnoticias.com.mx\/Portal\/wp-json\/wp\/v2\/tags?post=230824"}],"curies":[{"name":"wp","href":"https:\/\/api.w.org\/{rel}","templated":true}]}}