{"id":230804,"date":"2025-09-29T17:06:18","date_gmt":"2025-09-30T00:06:18","guid":{"rendered":"https:\/\/rnoticias.com.mx\/Portal\/?p=230804"},"modified":"2025-09-29T17:06:18","modified_gmt":"2025-09-30T00:06:18","slug":"la-mayor-parte-de-sonora-volvera-a-presentar-valores-superiores-a-los-40-grados-conagua","status":"publish","type":"post","link":"https:\/\/rnoticias.com.mx\/Portal\/2025\/09\/29\/la-mayor-parte-de-sonora-volvera-a-presentar-valores-superiores-a-los-40-grados-conagua\/","title":{"rendered":"La mayor parte de Sonora volver\u00e1 a presentar valores superiores a los 40 grados: Conagua"},"content":{"rendered":"<p>La Comisi\u00f3n Nacional del Agua (Conagua), informa que, para esta semana, se esperan en varios municipios de la entidad valores m\u00e1ximos de 40 grados o m\u00e1s.<\/p>\n<p>&nbsp;<\/p>\n<p>El meteor\u00f3logo Gilberto Lagarda V\u00e1zquez, comunic\u00f3 que el pron\u00f3stico para esta semana en Sonora indica condiciones mayormente estables y casi no hay probabilidad para la presencia de lluvias a partir de este martes.<\/p>\n<p>&nbsp;<\/p>\n<p>\u201cEl resto de la entidad tendr\u00e1 condiciones secas y sin posibilidades de lluvia para estos d\u00edas,\u00a0cielos muy despejados. Empezaremos a ver un aumento en las temperaturas, un aumento\u00a0paulatino, el cual se espera que ya para el d\u00eda mi\u00e9rcoles comencemos a alcanzar nuevamente los\u00a040 grados en varias zonas del Estado de Sonora, sobre todo la parte del centro sur y noroeste\u00a0de la entidad\u201d, coment\u00f3.<\/p>\n<p>&nbsp;<\/p>\n<p>En el caso de las temperaturas m\u00ednimas, dijo, seguir\u00e1n a la baja, con registros cercanos a los 10\u202fgrados en el norte y oriente. En general, se anticipa una semana c\u00e1lida, seca y soleada.<\/p>\n<p>&nbsp;<\/p>\n<p>&nbsp;<\/p>\n","protected":false},"excerpt":{"rendered":"<p>La Comisi\u00f3n Nacional del Agua (Conagua), informa que, para esta semana, se esperan en varios municipios de la entidad valores m\u00e1ximos de 40 grados o m\u00e1s. &nbsp; El meteor\u00f3logo Gilberto Lagarda V\u00e1zquez, comunic\u00f3 que el pron\u00f3stico para esta semana en Sonora indica condiciones mayormente estables y casi no hay probabilidad para la presencia de lluvias [&hellip;]<\/p>\n","protected":false},"author":2,"featured_media":230805,"comment_status":"closed","ping_status":"closed","sticky":false,"template":"","format":"standard","meta":{"footnotes":""},"categories":[12870,178],"tags":[12865,12869],"class_list":["post-230804","post","type-post","status-publish","format-standard","has-post-thumbnail","hentry","category-destacadas","category-local","tag-destacadas","tag-local"],"jetpack_featured_media_url":"https:\/\/rnoticias.com.mx\/Portal\/wp-content\/uploads\/2025\/09\/calor_jpg_1.jpg_2135042715.webp","amp_enabled":true,"_links":{"self":[{"href":"https:\/\/rnoticias.com.mx\/Portal\/wp-json\/wp\/v2\/posts\/230804","targetHints":{"allow":["GET"]}}],"collection":[{"href":"https:\/\/rnoticias.com.mx\/Portal\/wp-json\/wp\/v2\/posts"}],"about":[{"href":"https:\/\/rnoticias.com.mx\/Portal\/wp-json\/wp\/v2\/types\/post"}],"author":[{"embeddable":true,"href":"https:\/\/rnoticias.com.mx\/Portal\/wp-json\/wp\/v2\/users\/2"}],"replies":[{"embeddable":true,"href":"https:\/\/rnoticias.com.mx\/Portal\/wp-json\/wp\/v2\/comments?post=230804"}],"version-history":[{"count":1,"href":"https:\/\/rnoticias.com.mx\/Portal\/wp-json\/wp\/v2\/posts\/230804\/revisions"}],"predecessor-version":[{"id":230806,"href":"https:\/\/rnoticias.com.mx\/Portal\/wp-json\/wp\/v2\/posts\/230804\/revisions\/230806"}],"wp:featuredmedia":[{"embeddable":true,"href":"https:\/\/rnoticias.com.mx\/Portal\/wp-json\/wp\/v2\/media\/230805"}],"wp:attachment":[{"href":"https:\/\/rnoticias.com.mx\/Portal\/wp-json\/wp\/v2\/media?parent=230804"}],"wp:term":[{"taxonomy":"category","embeddable":true,"href":"https:\/\/rnoticias.com.mx\/Portal\/wp-json\/wp\/v2\/categories?post=230804"},{"taxonomy":"post_tag","embeddable":true,"href":"https:\/\/rnoticias.com.mx\/Portal\/wp-json\/wp\/v2\/tags?post=230804"}],"curies":[{"name":"wp","href":"https:\/\/api.w.org\/{rel}","templated":true}]}}