{"id":230798,"date":"2025-09-29T16:33:39","date_gmt":"2025-09-29T23:33:39","guid":{"rendered":"https:\/\/rnoticias.com.mx\/Portal\/?p=230798"},"modified":"2025-09-29T16:33:39","modified_gmt":"2025-09-29T23:33:39","slug":"disney-confirma-nueva-pelicula-de-los-simpsons","status":"publish","type":"post","link":"https:\/\/rnoticias.com.mx\/Portal\/2025\/09\/29\/disney-confirma-nueva-pelicula-de-los-simpsons\/","title":{"rendered":"Disney confirma nueva pel\u00edcula de &#8220;Los Simpsons&#8221;"},"content":{"rendered":"<p><mark>Este lunes 29 de septiembre,\u00a0<strong>Disney anunci\u00f3 que los Simpsons pasar\u00e1n otro rato en \u201cla gran pantalla\u201d\u00a0<\/strong>luego de que se anunciase una segunda pel\u00edcula para el querido universo de\u00a0<strong>Matt Groening<\/strong>. El<strong>\u00a0estreno de la secuela ser\u00eda en julio de 2027.<\/strong><\/mark><\/p>\n<p>&#8220;&#8216;<strong>The Simpson<\/strong>s&#8217; finalmente vendr\u00e1 a los cines con una\u00a0<strong>nueva pel\u00edcula el 23 de julio de 2027<\/strong>&#8220;, confirm\u00f3 la plataforma de contenidos en l\u00ednea en sus redes sociales.<\/p>\n<p>El proyecto saldr\u00e1 a la luz<strong>\u00a0dos d\u00e9cadas despu\u00e9s del estreno de la primera \u00a0pel\u00edcula de la familia m\u00e1s popular de la televisi\u00f3n.<\/strong><\/p>\n<p>&#8216;<strong>The Simpsons: The Movie<\/strong>&#8216; tuvo un \u00e9xito rotundo al<strong>\u00a0recaudar 536 millones de d\u00f3lares en taquilla mundial.<\/strong><\/p>\n<p>Creada por\u00a0<strong>Matt Groening<\/strong>, &#8216;<strong>The Simpsons<\/strong>&#8216; es<strong>\u00a0una de las series m\u00e1s populares y reconocidas de la historia de la televisi\u00f3n,<\/strong>\u00a0adem\u00e1s de ostentar el t\u00edtulo de la m\u00e1s longeva desde su inicio de programa en 1989.<\/p>\n<p>Ambientada en el pueblo ficticio de\u00a0<strong>Springfield<\/strong>, la serie narra la vida de la\u00a0<strong>familia Simpson<\/strong>, incluyendo a su padre, Homer, a su madre,\u00a0<strong>Marge<\/strong>, y a sus hijos,\u00a0<strong>Bart<\/strong>,\u00a0<strong>Lisa\u00a0<\/strong>y\u00a0<strong>Maggie<\/strong>.<\/p>\n<p>La serie ha sido renovada hasta su 40\u00ba temporada, que se emitir\u00e1 entre 2028 y 2029 en Disney+.<\/p>\n","protected":false},"excerpt":{"rendered":"<p>Este lunes 29 de septiembre,\u00a0Disney anunci\u00f3 que los Simpsons pasar\u00e1n otro rato en \u201cla gran pantalla\u201d\u00a0luego de que se anunciase una segunda pel\u00edcula para el querido universo de\u00a0Matt Groening. El\u00a0estreno de la secuela ser\u00eda en julio de 2027. &#8220;&#8216;The Simpsons&#8217; finalmente vendr\u00e1 a los cines con una\u00a0nueva pel\u00edcula el 23 de julio de 2027&#8220;, confirm\u00f3 [&hellip;]<\/p>\n","protected":false},"author":2,"featured_media":230799,"comment_status":"closed","ping_status":"closed","sticky":false,"template":"","format":"standard","meta":{"footnotes":""},"categories":[12870,219],"tags":[12865,12875],"class_list":["post-230798","post","type-post","status-publish","format-standard","has-post-thumbnail","hentry","category-destacadas","category-espectaculos","tag-destacadas","tag-espectaculos"],"jetpack_featured_media_url":"https:\/\/rnoticias.com.mx\/Portal\/wp-content\/uploads\/2025\/09\/Los-Simpsons-1000x600-1.jpg","amp_enabled":true,"_links":{"self":[{"href":"https:\/\/rnoticias.com.mx\/Portal\/wp-json\/wp\/v2\/posts\/230798","targetHints":{"allow":["GET"]}}],"collection":[{"href":"https:\/\/rnoticias.com.mx\/Portal\/wp-json\/wp\/v2\/posts"}],"about":[{"href":"https:\/\/rnoticias.com.mx\/Portal\/wp-json\/wp\/v2\/types\/post"}],"author":[{"embeddable":true,"href":"https:\/\/rnoticias.com.mx\/Portal\/wp-json\/wp\/v2\/users\/2"}],"replies":[{"embeddable":true,"href":"https:\/\/rnoticias.com.mx\/Portal\/wp-json\/wp\/v2\/comments?post=230798"}],"version-history":[{"count":1,"href":"https:\/\/rnoticias.com.mx\/Portal\/wp-json\/wp\/v2\/posts\/230798\/revisions"}],"predecessor-version":[{"id":230800,"href":"https:\/\/rnoticias.com.mx\/Portal\/wp-json\/wp\/v2\/posts\/230798\/revisions\/230800"}],"wp:featuredmedia":[{"embeddable":true,"href":"https:\/\/rnoticias.com.mx\/Portal\/wp-json\/wp\/v2\/media\/230799"}],"wp:attachment":[{"href":"https:\/\/rnoticias.com.mx\/Portal\/wp-json\/wp\/v2\/media?parent=230798"}],"wp:term":[{"taxonomy":"category","embeddable":true,"href":"https:\/\/rnoticias.com.mx\/Portal\/wp-json\/wp\/v2\/categories?post=230798"},{"taxonomy":"post_tag","embeddable":true,"href":"https:\/\/rnoticias.com.mx\/Portal\/wp-json\/wp\/v2\/tags?post=230798"}],"curies":[{"name":"wp","href":"https:\/\/api.w.org\/{rel}","templated":true}]}}