{"id":230769,"date":"2025-09-29T08:07:59","date_gmt":"2025-09-29T15:07:59","guid":{"rendered":"https:\/\/rnoticias.com.mx\/Portal\/?p=230769"},"modified":"2025-09-29T08:07:59","modified_gmt":"2025-09-29T15:07:59","slug":"suman-31-fallecidos-tras-explosion-en-iztapalapa-aun-hay-hospitalizados","status":"publish","type":"post","link":"https:\/\/rnoticias.com.mx\/Portal\/2025\/09\/29\/suman-31-fallecidos-tras-explosion-en-iztapalapa-aun-hay-hospitalizados\/","title":{"rendered":"Suman 31 fallecidos tras explosi\u00f3n en Iztapalapa; a\u00fan hay hospitalizados"},"content":{"rendered":"<p>La\u00a0<strong>Secretar\u00eda de Salud\u00a0<\/strong>de la\u00a0<strong>Ciudad de M\u00e9xico<\/strong>\u00a0confirm\u00f3 que la cifra de v\u00edctimas mortales por la exposi\u00f3n de una pipa de gas en el puente de La Concordia, alcald\u00eda Iztapalapa, ascendi\u00f3 a 31 fallecidos.<\/p>\n<p>A la fecha, se reporta que\u00a0<strong>13 personas permanecen hospitalizadas<\/strong>\u00a0y\u00a0<strong>40 ya fueron dadas de alta<\/strong>\u00a0tras recibir atenci\u00f3n m\u00e9dica por quemaduras y otras lesiones derivadas del siniestro.<\/p>\n<div class=\"twitter-tweet twitter-tweet-rendered\"><\/div>\n<p>Fuente: El Universal<\/p>\n","protected":false},"excerpt":{"rendered":"<p>La\u00a0Secretar\u00eda de Salud\u00a0de la\u00a0Ciudad de M\u00e9xico\u00a0confirm\u00f3 que la cifra de v\u00edctimas mortales por la exposi\u00f3n de una pipa de gas en el puente de La Concordia, alcald\u00eda Iztapalapa, ascendi\u00f3 a 31 fallecidos. A la fecha, se reporta que\u00a013 personas permanecen hospitalizadas\u00a0y\u00a040 ya fueron dadas de alta\u00a0tras recibir atenci\u00f3n m\u00e9dica por quemaduras y otras lesiones derivadas [&hellip;]<\/p>\n","protected":false},"author":2,"featured_media":230770,"comment_status":"closed","ping_status":"closed","sticky":false,"template":"","format":"standard","meta":{"footnotes":""},"categories":[12870,172],"tags":[12865,12874],"class_list":["post-230769","post","type-post","status-publish","format-standard","has-post-thumbnail","hentry","category-destacadas","category-nacional","tag-destacadas","tag-nacional"],"jetpack_featured_media_url":"https:\/\/rnoticias.com.mx\/Portal\/wp-content\/uploads\/2025\/09\/IMG-20250910-WA0041.jpg","amp_enabled":true,"_links":{"self":[{"href":"https:\/\/rnoticias.com.mx\/Portal\/wp-json\/wp\/v2\/posts\/230769","targetHints":{"allow":["GET"]}}],"collection":[{"href":"https:\/\/rnoticias.com.mx\/Portal\/wp-json\/wp\/v2\/posts"}],"about":[{"href":"https:\/\/rnoticias.com.mx\/Portal\/wp-json\/wp\/v2\/types\/post"}],"author":[{"embeddable":true,"href":"https:\/\/rnoticias.com.mx\/Portal\/wp-json\/wp\/v2\/users\/2"}],"replies":[{"embeddable":true,"href":"https:\/\/rnoticias.com.mx\/Portal\/wp-json\/wp\/v2\/comments?post=230769"}],"version-history":[{"count":1,"href":"https:\/\/rnoticias.com.mx\/Portal\/wp-json\/wp\/v2\/posts\/230769\/revisions"}],"predecessor-version":[{"id":230771,"href":"https:\/\/rnoticias.com.mx\/Portal\/wp-json\/wp\/v2\/posts\/230769\/revisions\/230771"}],"wp:featuredmedia":[{"embeddable":true,"href":"https:\/\/rnoticias.com.mx\/Portal\/wp-json\/wp\/v2\/media\/230770"}],"wp:attachment":[{"href":"https:\/\/rnoticias.com.mx\/Portal\/wp-json\/wp\/v2\/media?parent=230769"}],"wp:term":[{"taxonomy":"category","embeddable":true,"href":"https:\/\/rnoticias.com.mx\/Portal\/wp-json\/wp\/v2\/categories?post=230769"},{"taxonomy":"post_tag","embeddable":true,"href":"https:\/\/rnoticias.com.mx\/Portal\/wp-json\/wp\/v2\/tags?post=230769"}],"curies":[{"name":"wp","href":"https:\/\/api.w.org\/{rel}","templated":true}]}}