{"id":230742,"date":"2025-09-27T13:58:29","date_gmt":"2025-09-27T20:58:29","guid":{"rendered":"https:\/\/rnoticias.com.mx\/Portal\/?p=230742"},"modified":"2025-09-27T13:58:29","modified_gmt":"2025-09-27T20:58:29","slug":"taylor-swift-y-su-papel-en-el-dialecto-regional-de-eu","status":"publish","type":"post","link":"https:\/\/rnoticias.com.mx\/Portal\/2025\/09\/27\/taylor-swift-y-su-papel-en-el-dialecto-regional-de-eu\/","title":{"rendered":"Taylor Swift y su papel en el dialecto regional de EU"},"content":{"rendered":"<p>Con solo 35 a\u00f1os,\u00a0<strong>Taylor Swift, la cantautora estadounidense m\u00e1s rica del panorama musical y todo un icono cultural del siglo XXI,<\/strong>\u00a0lleva veinte a\u00f1os sobre los escenarios, una larga trayectoria que ha permitido a los cient\u00edficos estudiar la evoluci\u00f3n de su lenguaje y de su acento.<\/p>\n<p>El estudio, realizado por investigadores de la Universidad de Minnesota, en Estados Unidos, y publicado en JASA, la revista de la Sociedad Ac\u00fastica de Am\u00e9rica, ha utilizado a\u00f1os de entrevistas grabadas para revisar los cambios de acentos y de dialectos adoptados por la cantante para intentar ofrecer una visi\u00f3n de los cambios en los patrones del habla.<\/p>\n<p><mark><strong>Los autores defienden que estudiar cambios dialectales de alto perfil como los de Swift puede ayudar a los cient\u00edficos a entender mejor el alcance de los dialectos regionales,<\/strong><\/mark>\u00a0no solo en t\u00e9rminos de \u00e1rea geogr\u00e1fica, sino tambi\u00e9n en t\u00e9rminos de grupo social, edad y estatus de liderazgo.<\/p>\n<p><i>&#8220;Taylor Swift es perfecta para este tipo de an\u00e1lisis longitudinal porque ha sido entrevistada y grabada muchas veces a lo largo de los a\u00f1os y tuvo motivos para cambiar su acento en momentos espec\u00edficos&#8221;,\u00a0<\/i>asegura Matthew Winn, investigador de la Universidad de Minnesota y uno de los autores del estudio.<\/p>\n<p>Los investigadores estudiaron el lenguaje de Swift a partir de grabaciones de entrevistas que dio cuando viv\u00eda en Nashville, al inicio de su carrera, en 2004, cuando se mud\u00f3 de regreso a casa en Pensilvania y cuando se traslad\u00f3 a la Ciudad de Nueva York, en 2014.<\/p>\n<p>A partir de estas entrevistas, el equipo seleccion\u00f3 m\u00e1s de mil 400 sonidos voc\u00e1licos y los analiz\u00f3 utilizando software para medir las resonancias vocales.<\/p>\n<p><i>&#8220;Esas resonancias indican la forma exacta en que una persona articula una vocal&#8221;,<\/i>\u00a0explica Winn.<\/p>\n<p><i>&#8220;Lo clave del an\u00e1lisis de dialectos es medir el movimiento de la vocal a trav\u00e9s de la boca desde el principio hasta el final de la vocal, eso es lo que la hace distintiva entre dialectos. Hicimos diez mediciones por vocal para mostrar este movimiento, lo cual fue clave para mostrar c\u00f3mo cambi\u00f3 su articulaci\u00f3n en las diferentes ciudades&#8221;<\/i>.<\/p>\n<p>As\u00ed, los investigadores pudieron mostrar c\u00f3mo\u00a0<mark><strong>Swift adopt\u00f3 caracter\u00edsticas del acento sure\u00f1o cuando vivi\u00f3 en Nashville, en particular el sonido de la vocal \/a\u026a\/ \u2014 pronunciando palabras como &#8216;ride&#8217; m\u00e1s como &#8216;rod&#8217; \u2014 y el avance de la vocal \/u\/ \u2014 cambiando palabras como &#8216;two&#8217; para que suenen como &#8216;tee-you&#8217; \u2014 unos usos fon\u00e9ticos que desaparecieron al regresar a Filadelfia.<\/strong><\/mark><\/p>\n<p>Los autores sugieren que el uso del acento sure\u00f1o por parte de Swift podr\u00eda haber sido una forma de integrarse en la comunidad de la m\u00fasica country, en lugar de solo conectarse con Nashville como ciudad.<\/p>\n<p><i>&#8220;El segundo gran cambio que observamos fue que Taylor baj\u00f3 el tono de su voz cuando se mud\u00f3 a la Ciudad de Nueva York&#8221;,<\/i>\u00a0avanza Winn.<\/p>\n<p><i>&#8220;Este fue el momento en su carrera en el que se hizo m\u00e1s conocida por hablar sobre temas de cambio social y feminismo, as\u00ed como sobre los derechos de los m\u00fasicos. A veces, las personas con un tono de voz m\u00e1s bajo son percibidas como una voz de autoridad, y es posible que ella estuviera utilizando esa tendencia para asegurarse de que su mensaje fuera recibido&#8221;<\/i>, concluye el investigador.<\/p>\n<p>Desde 1929, la revista de la Sociedad Ac\u00fastica Americana, JASA, publica los resultados de investigaci\u00f3n te\u00f3rica y experimental referidos al sonido, la m\u00fasica y el lenguaje.<\/p>\n","protected":false},"excerpt":{"rendered":"<p>Con solo 35 a\u00f1os,\u00a0Taylor Swift, la cantautora estadounidense m\u00e1s rica del panorama musical y todo un icono cultural del siglo XXI,\u00a0lleva veinte a\u00f1os sobre los escenarios, una larga trayectoria que ha permitido a los cient\u00edficos estudiar la evoluci\u00f3n de su lenguaje y de su acento. El estudio, realizado por investigadores de la Universidad de Minnesota, [&hellip;]<\/p>\n","protected":false},"author":2,"featured_media":230743,"comment_status":"closed","ping_status":"closed","sticky":false,"template":"","format":"standard","meta":{"footnotes":""},"categories":[12870,219],"tags":[12865,12875],"class_list":["post-230742","post","type-post","status-publish","format-standard","has-post-thumbnail","hentry","category-destacadas","category-espectaculos","tag-destacadas","tag-espectaculos"],"jetpack_featured_media_url":"https:\/\/rnoticias.com.mx\/Portal\/wp-content\/uploads\/2025\/09\/ggfff55-1024x651-1.jpg","amp_enabled":true,"_links":{"self":[{"href":"https:\/\/rnoticias.com.mx\/Portal\/wp-json\/wp\/v2\/posts\/230742","targetHints":{"allow":["GET"]}}],"collection":[{"href":"https:\/\/rnoticias.com.mx\/Portal\/wp-json\/wp\/v2\/posts"}],"about":[{"href":"https:\/\/rnoticias.com.mx\/Portal\/wp-json\/wp\/v2\/types\/post"}],"author":[{"embeddable":true,"href":"https:\/\/rnoticias.com.mx\/Portal\/wp-json\/wp\/v2\/users\/2"}],"replies":[{"embeddable":true,"href":"https:\/\/rnoticias.com.mx\/Portal\/wp-json\/wp\/v2\/comments?post=230742"}],"version-history":[{"count":1,"href":"https:\/\/rnoticias.com.mx\/Portal\/wp-json\/wp\/v2\/posts\/230742\/revisions"}],"predecessor-version":[{"id":230744,"href":"https:\/\/rnoticias.com.mx\/Portal\/wp-json\/wp\/v2\/posts\/230742\/revisions\/230744"}],"wp:featuredmedia":[{"embeddable":true,"href":"https:\/\/rnoticias.com.mx\/Portal\/wp-json\/wp\/v2\/media\/230743"}],"wp:attachment":[{"href":"https:\/\/rnoticias.com.mx\/Portal\/wp-json\/wp\/v2\/media?parent=230742"}],"wp:term":[{"taxonomy":"category","embeddable":true,"href":"https:\/\/rnoticias.com.mx\/Portal\/wp-json\/wp\/v2\/categories?post=230742"},{"taxonomy":"post_tag","embeddable":true,"href":"https:\/\/rnoticias.com.mx\/Portal\/wp-json\/wp\/v2\/tags?post=230742"}],"curies":[{"name":"wp","href":"https:\/\/api.w.org\/{rel}","templated":true}]}}