{"id":230727,"date":"2025-09-27T12:53:26","date_gmt":"2025-09-27T19:53:26","guid":{"rendered":"https:\/\/rnoticias.com.mx\/Portal\/?p=230727"},"modified":"2025-09-27T12:53:26","modified_gmt":"2025-09-27T19:53:26","slug":"aprueba-comision-convocatoria-para-la-presea-del-poderio-de-las-mujeres-sonorenses-2025","status":"publish","type":"post","link":"https:\/\/rnoticias.com.mx\/Portal\/2025\/09\/27\/aprueba-comision-convocatoria-para-la-presea-del-poderio-de-las-mujeres-sonorenses-2025\/","title":{"rendered":"Aprueba comisi\u00f3n convocatoria para la Presea del Poder\u00edo de las Mujeres Sonorenses 2025"},"content":{"rendered":"<p>Hermosillo, Sonora; 27 de septiembre de 2025.- La Comisi\u00f3n para la Igualdad de G\u00e9nero del Congreso del Estado aprob\u00f3 el proyecto de convocatoria p\u00fablica para la Presea del Poder\u00edo de las Mujeres Sonorenses 2025, reconocimiento que distingue a mujeres con trayectoria sobresaliente por su labor en la defensa y promoci\u00f3n de los derechos de las mujeres en distintas \u00e1reas.<\/p>\n<p>La convocatoria fue presentada por la diputada Alicia Gayt\u00e1n S\u00e1nchez (Morena) y sometida a consideraci\u00f3n de las legisladoras Jazm\u00edn G\u00f3mez Liz\u00e1rraga (PT), Deni Gast\u00e9lum Barreras (Morena), Amairany Pe\u00f1a Escalante (PES), Ana Gabriela Tapia Fonllem (PRD) y Alejandra L\u00f3pez Noriega.<\/p>\n<p>El galard\u00f3n contempla las ramas de: pol\u00edtica sonorense; investigaci\u00f3n; trabajo social y obras asistenciales; ciencias e ingenier\u00eda; docencia; funci\u00f3n p\u00fablica; \u00e1mbito jur\u00eddico; literatura; periodismo; empresarial; salud; y deporte.<\/p>\n<p>De acuerdo con las bases, podr\u00e1n ser propuestas mujeres nacidas o residentes en Sonora que, por su m\u00e9rito y trayectoria ejemplar, hayan contribuido de manera destacada en cualquiera de estos \u00e1mbitos.<\/p>\n<p>La entrega de la presea se realizar\u00e1 el pr\u00f3ximo 25 de noviembre, en sesi\u00f3n solemne del Pleno del Congreso del Estado, en el marco del D\u00eda Internacional de la Eliminaci\u00f3n de la Violencia contra la Mujer.<\/p>\n","protected":false},"excerpt":{"rendered":"<p>Hermosillo, Sonora; 27 de septiembre de 2025.- La Comisi\u00f3n para la Igualdad de G\u00e9nero del Congreso del Estado aprob\u00f3 el proyecto de convocatoria p\u00fablica para la Presea del Poder\u00edo de las Mujeres Sonorenses 2025, reconocimiento que distingue a mujeres con trayectoria sobresaliente por su labor en la defensa y promoci\u00f3n de los derechos de las [&hellip;]<\/p>\n","protected":false},"author":2,"featured_media":230728,"comment_status":"closed","ping_status":"closed","sticky":false,"template":"","format":"standard","meta":{"footnotes":""},"categories":[12870,12868],"tags":[12865,12879],"class_list":["post-230727","post","type-post","status-publish","format-standard","has-post-thumbnail","hentry","category-destacadas","category-politica","tag-destacadas","tag-politica"],"jetpack_featured_media_url":"https:\/\/rnoticias.com.mx\/Portal\/wp-content\/uploads\/2025\/09\/11d631a8-2156-489b-b6ed-2ec242263780.jpeg","amp_enabled":true,"_links":{"self":[{"href":"https:\/\/rnoticias.com.mx\/Portal\/wp-json\/wp\/v2\/posts\/230727","targetHints":{"allow":["GET"]}}],"collection":[{"href":"https:\/\/rnoticias.com.mx\/Portal\/wp-json\/wp\/v2\/posts"}],"about":[{"href":"https:\/\/rnoticias.com.mx\/Portal\/wp-json\/wp\/v2\/types\/post"}],"author":[{"embeddable":true,"href":"https:\/\/rnoticias.com.mx\/Portal\/wp-json\/wp\/v2\/users\/2"}],"replies":[{"embeddable":true,"href":"https:\/\/rnoticias.com.mx\/Portal\/wp-json\/wp\/v2\/comments?post=230727"}],"version-history":[{"count":1,"href":"https:\/\/rnoticias.com.mx\/Portal\/wp-json\/wp\/v2\/posts\/230727\/revisions"}],"predecessor-version":[{"id":230729,"href":"https:\/\/rnoticias.com.mx\/Portal\/wp-json\/wp\/v2\/posts\/230727\/revisions\/230729"}],"wp:featuredmedia":[{"embeddable":true,"href":"https:\/\/rnoticias.com.mx\/Portal\/wp-json\/wp\/v2\/media\/230728"}],"wp:attachment":[{"href":"https:\/\/rnoticias.com.mx\/Portal\/wp-json\/wp\/v2\/media?parent=230727"}],"wp:term":[{"taxonomy":"category","embeddable":true,"href":"https:\/\/rnoticias.com.mx\/Portal\/wp-json\/wp\/v2\/categories?post=230727"},{"taxonomy":"post_tag","embeddable":true,"href":"https:\/\/rnoticias.com.mx\/Portal\/wp-json\/wp\/v2\/tags?post=230727"}],"curies":[{"name":"wp","href":"https:\/\/api.w.org\/{rel}","templated":true}]}}