{"id":230724,"date":"2025-09-27T12:52:26","date_gmt":"2025-09-27T19:52:26","guid":{"rendered":"https:\/\/rnoticias.com.mx\/Portal\/?p=230724"},"modified":"2025-09-27T12:52:26","modified_gmt":"2025-09-27T19:52:26","slug":"diputado-raul-gonzalez-de-la-vega-se-incorpora-al-gp-del-partido-verde","status":"publish","type":"post","link":"https:\/\/rnoticias.com.mx\/Portal\/2025\/09\/27\/diputado-raul-gonzalez-de-la-vega-se-incorpora-al-gp-del-partido-verde\/","title":{"rendered":"Diputado Ra\u00fal Gonz\u00e1lez de la Vega se incorpora al GP del Partido Verde"},"content":{"rendered":"<p>Hermosillo, Sonora; 27 de septiembre de 2025.- El legislador Ra\u00fal Gonz\u00e1lez de la Vega anunci\u00f3 su incorporaci\u00f3n al Grupo Parlamentario del Partido Verde Ecologista de M\u00e9xico (PVEM) en el Congreso del Estado.<\/p>\n<p>En la sesi\u00f3n ordinaria de este jueves, el representante popular inform\u00f3 que acept\u00f3 la invitaci\u00f3n con profundo respeto y coincidencias con la Eco Bancada, la cual impulsa pol\u00edticas destinadas al bien com\u00fan, la justicia social y la sostenibilidad de los recursos naturales.<\/p>\n<p>\u201cLa pol\u00edtica, entendida con responsabilidad, es el arte de servir, escuchar y de responder con hechos a las demandas de la ciudadan\u00eda\u2026 Hoy me comprometo a trabajar con congruencia: a hacer de mis palabras acciones, de mis ideales compromisos y de mis convicciones resultados\u201d, declar\u00f3.<\/p>\n<p>Ante el anuncio, el coordinador del Partido Verde, David Figueroa Ortega expres\u00f3 su gusto por el crecimiento de la familia Verde en la legislatura y dio la m\u00e1s cordial bienvenida al diputado Gonz\u00e1lez de la Vega a la bancada, asegurando que su incorporaci\u00f3n convierte a la Ecobacada en la segunda fuerza dentro del Poder Legislativo, situaci\u00f3n que dar\u00e1 mayor fuerza a la iniciativas y proyectos que impulsa.<\/p>\n<p>El legislador agradeci\u00f3 la confianza al coordinador de su nuevo Grupo Parlamentario, as\u00ed como a sus compa\u00f1eros de bancada, Omar Del Valle Colosio, Claudia Bours Corral y Azalia Guevara Espinoza.<\/p>\n","protected":false},"excerpt":{"rendered":"<p>Hermosillo, Sonora; 27 de septiembre de 2025.- El legislador Ra\u00fal Gonz\u00e1lez de la Vega anunci\u00f3 su incorporaci\u00f3n al Grupo Parlamentario del Partido Verde Ecologista de M\u00e9xico (PVEM) en el Congreso del Estado. En la sesi\u00f3n ordinaria de este jueves, el representante popular inform\u00f3 que acept\u00f3 la invitaci\u00f3n con profundo respeto y coincidencias con la Eco [&hellip;]<\/p>\n","protected":false},"author":2,"featured_media":230725,"comment_status":"closed","ping_status":"closed","sticky":false,"template":"","format":"standard","meta":{"footnotes":""},"categories":[12870,12868],"tags":[12865,12879],"class_list":["post-230724","post","type-post","status-publish","format-standard","has-post-thumbnail","hentry","category-destacadas","category-politica","tag-destacadas","tag-politica"],"jetpack_featured_media_url":"https:\/\/rnoticias.com.mx\/Portal\/wp-content\/uploads\/2025\/09\/f23a8dba-b6b1-439d-b858-99859cbf0424.jpeg","amp_enabled":true,"_links":{"self":[{"href":"https:\/\/rnoticias.com.mx\/Portal\/wp-json\/wp\/v2\/posts\/230724","targetHints":{"allow":["GET"]}}],"collection":[{"href":"https:\/\/rnoticias.com.mx\/Portal\/wp-json\/wp\/v2\/posts"}],"about":[{"href":"https:\/\/rnoticias.com.mx\/Portal\/wp-json\/wp\/v2\/types\/post"}],"author":[{"embeddable":true,"href":"https:\/\/rnoticias.com.mx\/Portal\/wp-json\/wp\/v2\/users\/2"}],"replies":[{"embeddable":true,"href":"https:\/\/rnoticias.com.mx\/Portal\/wp-json\/wp\/v2\/comments?post=230724"}],"version-history":[{"count":1,"href":"https:\/\/rnoticias.com.mx\/Portal\/wp-json\/wp\/v2\/posts\/230724\/revisions"}],"predecessor-version":[{"id":230726,"href":"https:\/\/rnoticias.com.mx\/Portal\/wp-json\/wp\/v2\/posts\/230724\/revisions\/230726"}],"wp:featuredmedia":[{"embeddable":true,"href":"https:\/\/rnoticias.com.mx\/Portal\/wp-json\/wp\/v2\/media\/230725"}],"wp:attachment":[{"href":"https:\/\/rnoticias.com.mx\/Portal\/wp-json\/wp\/v2\/media?parent=230724"}],"wp:term":[{"taxonomy":"category","embeddable":true,"href":"https:\/\/rnoticias.com.mx\/Portal\/wp-json\/wp\/v2\/categories?post=230724"},{"taxonomy":"post_tag","embeddable":true,"href":"https:\/\/rnoticias.com.mx\/Portal\/wp-json\/wp\/v2\/tags?post=230724"}],"curies":[{"name":"wp","href":"https:\/\/api.w.org\/{rel}","templated":true}]}}