{"id":230721,"date":"2025-09-27T12:51:06","date_gmt":"2025-09-27T19:51:06","guid":{"rendered":"https:\/\/rnoticias.com.mx\/Portal\/?p=230721"},"modified":"2025-09-27T12:51:06","modified_gmt":"2025-09-27T19:51:06","slug":"diputada-maria-eduwiges-vicky-espinoza-reconoce-el-40-aniversario-del-museo-comcaac","status":"publish","type":"post","link":"https:\/\/rnoticias.com.mx\/Portal\/2025\/09\/27\/diputada-maria-eduwiges-vicky-espinoza-reconoce-el-40-aniversario-del-museo-comcaac\/","title":{"rendered":"Diputada Mar\u00eda Eduwiges \u201cVicky\u201d Espinoza reconoce el 40 aniversario del Museo Comca\u00e1c."},"content":{"rendered":"<p>Hermosillo, Sonora; 27 de septiembre de 2025.- En conmemoraci\u00f3n del 40 aniversario de la fundaci\u00f3n del Museo Comca\u00e1c, la diputada Mar\u00eda Eduwiges \u201cVicky\u201d Espinoza Tapia present\u00f3 un posicionamiento mediante el cual reconoci\u00f3 la relevancia hist\u00f3rica, cultural y social de este recinto ubicado en Bah\u00eda de Kino.<\/p>\n<p>La legisladora morenista destac\u00f3 que dicho recinto, fundado el 10 de septiembre de 1985, ha desempe\u00f1ado un papel fundamental en la preservaci\u00f3n, difusi\u00f3n y fortalecimiento de la memoria hist\u00f3rica y cultural de la naci\u00f3n comca\u00e1c, conocida tambi\u00e9n como el pueblo seri.<\/p>\n<p>Se\u00f1al\u00f3 que este espacio museogr\u00e1fico no solo constituye un edificio, sino un territorio de saberes y pr\u00e1cticas comunitarias en el que convergen la lengua seri, la cester\u00eda de torote, la talla en madera, as\u00ed como diversas expresiones art\u00edsticas y ceremoniales vinculadas al mar y al desierto sonorense.<\/p>\n<p>En su mensaje, Espinoza Tapia record\u00f3 la labor del doctor Gast\u00f3n Cano \u00c1vila, m\u00e9dico, maestro y primer director del museo, quien se distingui\u00f3 por ser un promotor incansable de la cultura seri, y a quien rindi\u00f3 homenaje en el marco de esta conmemoraci\u00f3n.<\/p>\n<p>La diputada subray\u00f3 que a lo largo de cuatro d\u00e9cadas el Museo de los Seris ha cumplido con la misi\u00f3n de preservar y difundir los valores culturales, hist\u00f3ricos y art\u00edsticos del pueblo comca\u00e1c, a trav\u00e9s de sus salas de exposici\u00f3n permanente y temporal, as\u00ed como mediante un acervo que incluye piezas ceremoniales, artesan\u00edas, artefactos y fotograf\u00edas con m\u00e1s de un siglo de antig\u00fcedad.<\/p>\n<p>Espinoza Tapia enfatiz\u00f3 que el aniversario debe asumirse no \u00fanicamente como un acto conmemorativo, sino como un punto de inflexi\u00f3n que permita consolidar la preservaci\u00f3n, investigaci\u00f3n y difusi\u00f3n del legado cultural de la naci\u00f3n comca\u00e1c, en estricto apego al marco constitucional y legal que tutela los derechos de los pueblos originarios.<\/p>\n<p>Record\u00f3 que la Constituci\u00f3n Pol\u00edtica de los Estados Unidos Mexicanos, en su art\u00edculo segundo, reconoce el derecho de los pueblos ind\u00edgenas a la libre determinaci\u00f3n y autonom\u00eda, lo cual se complementa con la Ley General de Cultura y Derechos Culturales, el Convenio 169 de la Organizaci\u00f3n Internacional del Trabajo (OIT) y la Declaraci\u00f3n de las Naciones Unidas sobre los Derechos de los Pueblos Ind\u00edgenas.<\/p>\n<p>Finalmente, la diputada se\u00f1al\u00f3 \u201cque este aniversario no sea s\u00f3lo conmemoraci\u00f3n, sino punto de inflexi\u00f3n. La historia que el museo resguarda merece un futuro con mejores condiciones de conservaci\u00f3n, investigaci\u00f3n y difusi\u00f3n. La cultura comca\u00e1c no pide privilegios: exige igualdad en la dignidad y garant\u00edas efectivas para ejercer sus derechos. Cuidar el Museo de los Seris es cuidar Sonora; es honrar el mar, el desierto y la palabra viva de un pueblo que nos ense\u00f1a a habitar con respeto esta tierra\u201d.<\/p>\n","protected":false},"excerpt":{"rendered":"<p>Hermosillo, Sonora; 27 de septiembre de 2025.- En conmemoraci\u00f3n del 40 aniversario de la fundaci\u00f3n del Museo Comca\u00e1c, la diputada Mar\u00eda Eduwiges \u201cVicky\u201d Espinoza Tapia present\u00f3 un posicionamiento mediante el cual reconoci\u00f3 la relevancia hist\u00f3rica, cultural y social de este recinto ubicado en Bah\u00eda de Kino. La legisladora morenista destac\u00f3 que dicho recinto, fundado el [&hellip;]<\/p>\n","protected":false},"author":2,"featured_media":230722,"comment_status":"closed","ping_status":"closed","sticky":false,"template":"","format":"standard","meta":{"footnotes":""},"categories":[12870,12868],"tags":[12865,12879],"class_list":["post-230721","post","type-post","status-publish","format-standard","has-post-thumbnail","hentry","category-destacadas","category-politica","tag-destacadas","tag-politica"],"jetpack_featured_media_url":"https:\/\/rnoticias.com.mx\/Portal\/wp-content\/uploads\/2025\/09\/b8901ee9-34ec-4988-9e3d-2ac498d8b944.jpeg","amp_enabled":true,"_links":{"self":[{"href":"https:\/\/rnoticias.com.mx\/Portal\/wp-json\/wp\/v2\/posts\/230721","targetHints":{"allow":["GET"]}}],"collection":[{"href":"https:\/\/rnoticias.com.mx\/Portal\/wp-json\/wp\/v2\/posts"}],"about":[{"href":"https:\/\/rnoticias.com.mx\/Portal\/wp-json\/wp\/v2\/types\/post"}],"author":[{"embeddable":true,"href":"https:\/\/rnoticias.com.mx\/Portal\/wp-json\/wp\/v2\/users\/2"}],"replies":[{"embeddable":true,"href":"https:\/\/rnoticias.com.mx\/Portal\/wp-json\/wp\/v2\/comments?post=230721"}],"version-history":[{"count":1,"href":"https:\/\/rnoticias.com.mx\/Portal\/wp-json\/wp\/v2\/posts\/230721\/revisions"}],"predecessor-version":[{"id":230723,"href":"https:\/\/rnoticias.com.mx\/Portal\/wp-json\/wp\/v2\/posts\/230721\/revisions\/230723"}],"wp:featuredmedia":[{"embeddable":true,"href":"https:\/\/rnoticias.com.mx\/Portal\/wp-json\/wp\/v2\/media\/230722"}],"wp:attachment":[{"href":"https:\/\/rnoticias.com.mx\/Portal\/wp-json\/wp\/v2\/media?parent=230721"}],"wp:term":[{"taxonomy":"category","embeddable":true,"href":"https:\/\/rnoticias.com.mx\/Portal\/wp-json\/wp\/v2\/categories?post=230721"},{"taxonomy":"post_tag","embeddable":true,"href":"https:\/\/rnoticias.com.mx\/Portal\/wp-json\/wp\/v2\/tags?post=230721"}],"curies":[{"name":"wp","href":"https:\/\/api.w.org\/{rel}","templated":true}]}}