{"id":230718,"date":"2025-09-27T12:47:06","date_gmt":"2025-09-27T19:47:06","guid":{"rendered":"https:\/\/rnoticias.com.mx\/Portal\/?p=230718"},"modified":"2025-09-27T12:47:06","modified_gmt":"2025-09-27T19:47:06","slug":"detienen-en-texas-a-diputado-mario-lopez-la-borrega-por-presuntos-ilicitos-fiscales","status":"publish","type":"post","link":"https:\/\/rnoticias.com.mx\/Portal\/2025\/09\/27\/detienen-en-texas-a-diputado-mario-lopez-la-borrega-por-presuntos-ilicitos-fiscales\/","title":{"rendered":"Detienen en Texas a diputado Mario L\u00f3pez &#8216;La Borrega&#8217; por presuntos il\u00edcitos fiscales"},"content":{"rendered":"<p>Mario L\u00f3pez Hern\u00e1ndez, conocido como\u00a0<strong>\u201cLa Borrega\u201d<\/strong>, diputado federal del Partido Verde Ecologista y exalcalde de Matamoros, fue detenido en el Puente Internacional Nuevo que conecta a Matamoros, Tamaulipas, con Brownsville, Texas.<\/p>\n<p><strong>Despu\u00e9s de su aseguramiento fue trasladado a las oficinas de Aduanas,\u00a0<\/strong>donde permaneci\u00f3 bajo interrogatorio por m\u00e1s de dos horas.<\/p>\n<p>Seg\u00fan versiones preliminares se\u00f1alan que se le investiga por presuntos il\u00edcitos fiscales en territorio estadounidense<strong>, hasta ahora no hay confirmaci\u00f3n oficial ni por parte de las autoridades de ese pa\u00eds ni del Congreso mexicano.<\/strong><\/p>\n<p>Cabe recordar que en 2019 L\u00f3pez Hern\u00e1ndez tambi\u00e9n fue detenido en la frontera debido a distintos conflictos legales.\u00a0<strong>Sin embargo, al momento, ni la dirigencia del PVEM ni las autoridades de seguridad en M\u00e9xico han fijado postura sobre lo ocurrido.<\/strong><\/p>\n<p>&nbsp;<\/p>\n<p>Fuente: El Informador<\/p>\n","protected":false},"excerpt":{"rendered":"<p>Mario L\u00f3pez Hern\u00e1ndez, conocido como\u00a0\u201cLa Borrega\u201d, diputado federal del Partido Verde Ecologista y exalcalde de Matamoros, fue detenido en el Puente Internacional Nuevo que conecta a Matamoros, Tamaulipas, con Brownsville, Texas. Despu\u00e9s de su aseguramiento fue trasladado a las oficinas de Aduanas,\u00a0donde permaneci\u00f3 bajo interrogatorio por m\u00e1s de dos horas. Seg\u00fan versiones preliminares se\u00f1alan que [&hellip;]<\/p>\n","protected":false},"author":2,"featured_media":230719,"comment_status":"closed","ping_status":"closed","sticky":false,"template":"","format":"standard","meta":{"footnotes":""},"categories":[12870,172],"tags":[12865,12874],"class_list":["post-230718","post","type-post","status-publish","format-standard","has-post-thumbnail","hentry","category-destacadas","category-nacional","tag-destacadas","tag-nacional"],"jetpack_featured_media_url":"https:\/\/rnoticias.com.mx\/Portal\/wp-content\/uploads\/2025\/09\/Abelito-segundo-finalista-en-LCDLF-1.jpg","amp_enabled":true,"_links":{"self":[{"href":"https:\/\/rnoticias.com.mx\/Portal\/wp-json\/wp\/v2\/posts\/230718","targetHints":{"allow":["GET"]}}],"collection":[{"href":"https:\/\/rnoticias.com.mx\/Portal\/wp-json\/wp\/v2\/posts"}],"about":[{"href":"https:\/\/rnoticias.com.mx\/Portal\/wp-json\/wp\/v2\/types\/post"}],"author":[{"embeddable":true,"href":"https:\/\/rnoticias.com.mx\/Portal\/wp-json\/wp\/v2\/users\/2"}],"replies":[{"embeddable":true,"href":"https:\/\/rnoticias.com.mx\/Portal\/wp-json\/wp\/v2\/comments?post=230718"}],"version-history":[{"count":1,"href":"https:\/\/rnoticias.com.mx\/Portal\/wp-json\/wp\/v2\/posts\/230718\/revisions"}],"predecessor-version":[{"id":230720,"href":"https:\/\/rnoticias.com.mx\/Portal\/wp-json\/wp\/v2\/posts\/230718\/revisions\/230720"}],"wp:featuredmedia":[{"embeddable":true,"href":"https:\/\/rnoticias.com.mx\/Portal\/wp-json\/wp\/v2\/media\/230719"}],"wp:attachment":[{"href":"https:\/\/rnoticias.com.mx\/Portal\/wp-json\/wp\/v2\/media?parent=230718"}],"wp:term":[{"taxonomy":"category","embeddable":true,"href":"https:\/\/rnoticias.com.mx\/Portal\/wp-json\/wp\/v2\/categories?post=230718"},{"taxonomy":"post_tag","embeddable":true,"href":"https:\/\/rnoticias.com.mx\/Portal\/wp-json\/wp\/v2\/tags?post=230718"}],"curies":[{"name":"wp","href":"https:\/\/api.w.org\/{rel}","templated":true}]}}