{"id":230706,"date":"2025-09-27T11:33:19","date_gmt":"2025-09-27T18:33:19","guid":{"rendered":"https:\/\/rnoticias.com.mx\/Portal\/?p=230706"},"modified":"2025-09-27T11:33:19","modified_gmt":"2025-09-27T18:33:19","slug":"gobierno-de-sonora-participa-en-la-jornada-nacional-de-murales-por-la-paz","status":"publish","type":"post","link":"https:\/\/rnoticias.com.mx\/Portal\/2025\/09\/27\/gobierno-de-sonora-participa-en-la-jornada-nacional-de-murales-por-la-paz\/","title":{"rendered":"Gobierno de Sonora participa en la Jornada Nacional de Murales por la Paz"},"content":{"rendered":"<p>Hermosillo, Sonora; 27 de septiembre de 2025.\u2013 El Gobierno de Sonora, a trav\u00e9s del Instituto Sonorense de la Juventud (ISJ), la Secretar\u00eda de Bienestar y la Secretar\u00eda de Educaci\u00f3n, particip\u00f3 en la segunda edici\u00f3n de la Jornada Nacional de Murales por la Paz, organizada por el Gobierno de M\u00e9xico y el Instituto Mexicano de la Juventud (Imjuve).<\/p>\n<p>La jornada se llev\u00f3 a cabo de manera simult\u00e1nea en los 32 estados del pa\u00eds, lo que permiti\u00f3 enlazar en vivo con la conferencia matutina encabezada por la presidenta Claudia Sheinbaum Pardo, quien resalt\u00f3 la importancia de la participaci\u00f3n activa de las y los j\u00f3venes en la transformaci\u00f3n social.<\/p>\n<p>La directora general del ISJ, Rebeca Valenzuela \u00c1lvarez, destac\u00f3 que esta iniciativa busca rescatar espacios p\u00fablicos, al tiempo que fomenta la participaci\u00f3n comunitaria y fortalece el sentido de pertenencia entre las juventudes.<\/p>\n<p>\u201cCon este proyecto, nuestras juventudes expresan sus ideas y percepciones sobre su entorno, reflexionando sobre problem\u00e1ticas sociales como la igualdad de g\u00e9nero, la prevenci\u00f3n de adicciones, el bienestar socioemocional y el cuidado del medio ambiente\u201d, coment\u00f3.<\/p>\n<p>En Sonora, la actividad se desarroll\u00f3 en la colonia Sahuaro Final, donde j\u00f3venes plasmaron murales en las bardas del lugar y realizaron labores de limpieza y rehabilitaci\u00f3n del espacio p\u00fablico.<\/p>\n","protected":false},"excerpt":{"rendered":"<p>Hermosillo, Sonora; 27 de septiembre de 2025.\u2013 El Gobierno de Sonora, a trav\u00e9s del Instituto Sonorense de la Juventud (ISJ), la Secretar\u00eda de Bienestar y la Secretar\u00eda de Educaci\u00f3n, particip\u00f3 en la segunda edici\u00f3n de la Jornada Nacional de Murales por la Paz, organizada por el Gobierno de M\u00e9xico y el Instituto Mexicano de la [&hellip;]<\/p>\n","protected":false},"author":2,"featured_media":230707,"comment_status":"closed","ping_status":"closed","sticky":false,"template":"","format":"standard","meta":{"footnotes":""},"categories":[178],"tags":[12869],"class_list":["post-230706","post","type-post","status-publish","format-standard","has-post-thumbnail","hentry","category-local","tag-local"],"jetpack_featured_media_url":"https:\/\/rnoticias.com.mx\/Portal\/wp-content\/uploads\/2025\/09\/unnamed-2-7.jpg","amp_enabled":true,"_links":{"self":[{"href":"https:\/\/rnoticias.com.mx\/Portal\/wp-json\/wp\/v2\/posts\/230706","targetHints":{"allow":["GET"]}}],"collection":[{"href":"https:\/\/rnoticias.com.mx\/Portal\/wp-json\/wp\/v2\/posts"}],"about":[{"href":"https:\/\/rnoticias.com.mx\/Portal\/wp-json\/wp\/v2\/types\/post"}],"author":[{"embeddable":true,"href":"https:\/\/rnoticias.com.mx\/Portal\/wp-json\/wp\/v2\/users\/2"}],"replies":[{"embeddable":true,"href":"https:\/\/rnoticias.com.mx\/Portal\/wp-json\/wp\/v2\/comments?post=230706"}],"version-history":[{"count":1,"href":"https:\/\/rnoticias.com.mx\/Portal\/wp-json\/wp\/v2\/posts\/230706\/revisions"}],"predecessor-version":[{"id":230708,"href":"https:\/\/rnoticias.com.mx\/Portal\/wp-json\/wp\/v2\/posts\/230706\/revisions\/230708"}],"wp:featuredmedia":[{"embeddable":true,"href":"https:\/\/rnoticias.com.mx\/Portal\/wp-json\/wp\/v2\/media\/230707"}],"wp:attachment":[{"href":"https:\/\/rnoticias.com.mx\/Portal\/wp-json\/wp\/v2\/media?parent=230706"}],"wp:term":[{"taxonomy":"category","embeddable":true,"href":"https:\/\/rnoticias.com.mx\/Portal\/wp-json\/wp\/v2\/categories?post=230706"},{"taxonomy":"post_tag","embeddable":true,"href":"https:\/\/rnoticias.com.mx\/Portal\/wp-json\/wp\/v2\/tags?post=230706"}],"curies":[{"name":"wp","href":"https:\/\/api.w.org\/{rel}","templated":true}]}}