{"id":230703,"date":"2025-09-27T11:32:36","date_gmt":"2025-09-27T18:32:36","guid":{"rendered":"https:\/\/rnoticias.com.mx\/Portal\/?p=230703"},"modified":"2025-09-27T11:32:36","modified_gmt":"2025-09-27T18:32:36","slug":"participan-futuros-docentes-de-sonora-en-el-festival-nacional-del-normalismo-calpulli","status":"publish","type":"post","link":"https:\/\/rnoticias.com.mx\/Portal\/2025\/09\/27\/participan-futuros-docentes-de-sonora-en-el-festival-nacional-del-normalismo-calpulli\/","title":{"rendered":"Participan futuros docentes de Sonora en el Festival Nacional del Normalismo \u201cCalpulli\u201d"},"content":{"rendered":"<p>Aguascalientes, Aguascalientes; 27 de septiembre de 2025.- El talento art\u00edstico de las y los futuros docentes de Sonora fue parte del segundo Festival Nacional del Normalismo \u201cCalpulli\u201d, realizado en Aguascalientes, Aguascalientes, con la destacada participaci\u00f3n de 67 estudiantes sonorenses.<\/p>\n<p>Al evento asistieron representantes de la Benem\u00e9rita y Centenaria Escuela Normal Estatal del Estado \u201cProf. Jes\u00fas Manuel Bustamante Mungarro\u201d (Bycenes), el Centro Regional de Educaci\u00f3n Normal \u201cRafael Ram\u00edrez Casta\u00f1eda\u201d (CREN) y la Escuela Normal Estatal de Especializaci\u00f3n (ENEE).<\/p>\n<p>Luis Ernesto Flores Fontes, rector del Centro Regional de Formaci\u00f3n Profesional Docente de Sonora (Creson), indic\u00f3 que durante el festival art\u00edstico y cultural, la Bycenes particip\u00f3 con muestras del coro normalista, as\u00ed como de sus grupos de m\u00fasica, teatro, teatro gui\u00f1ol y del grupo de danza \u201cHuitzil\u00edn\u201d, mientras que del CREN se presentaron el ballet folcl\u00f3rico Jante Yeye y un grupo musical, y por parte de la ENEE asisti\u00f3 el grupo de danza Jiapsi Allea.<\/p>\n<p>Adem\u00e1s, las y los alumnos participaron en los diferentes talleres que se ofrecieron en el Calpulli, enfocados en la incorporaci\u00f3n y fortalecimiento de las artes como herramientas did\u00e1cticas.<\/p>\n<p>Organizado por primera vez en 2024, el Festival Nacional del Normalismo busca promover la formaci\u00f3n integral de las y los estudiantes, as\u00ed como propiciar el intercambio cultural entre la comunidad normalista. En esta segunda edici\u00f3n, el Calpulli duplic\u00f3 su asistencia, con m\u00e1s de cinco mil participantes.<\/p>\n","protected":false},"excerpt":{"rendered":"<p>Aguascalientes, Aguascalientes; 27 de septiembre de 2025.- El talento art\u00edstico de las y los futuros docentes de Sonora fue parte del segundo Festival Nacional del Normalismo \u201cCalpulli\u201d, realizado en Aguascalientes, Aguascalientes, con la destacada participaci\u00f3n de 67 estudiantes sonorenses. Al evento asistieron representantes de la Benem\u00e9rita y Centenaria Escuela Normal Estatal del Estado \u201cProf. Jes\u00fas [&hellip;]<\/p>\n","protected":false},"author":2,"featured_media":230704,"comment_status":"closed","ping_status":"closed","sticky":false,"template":"","format":"standard","meta":{"footnotes":""},"categories":[178],"tags":[12869],"class_list":["post-230703","post","type-post","status-publish","format-standard","has-post-thumbnail","hentry","category-local","tag-local"],"jetpack_featured_media_url":"https:\/\/rnoticias.com.mx\/Portal\/wp-content\/uploads\/2025\/09\/74.jpg","amp_enabled":true,"_links":{"self":[{"href":"https:\/\/rnoticias.com.mx\/Portal\/wp-json\/wp\/v2\/posts\/230703","targetHints":{"allow":["GET"]}}],"collection":[{"href":"https:\/\/rnoticias.com.mx\/Portal\/wp-json\/wp\/v2\/posts"}],"about":[{"href":"https:\/\/rnoticias.com.mx\/Portal\/wp-json\/wp\/v2\/types\/post"}],"author":[{"embeddable":true,"href":"https:\/\/rnoticias.com.mx\/Portal\/wp-json\/wp\/v2\/users\/2"}],"replies":[{"embeddable":true,"href":"https:\/\/rnoticias.com.mx\/Portal\/wp-json\/wp\/v2\/comments?post=230703"}],"version-history":[{"count":1,"href":"https:\/\/rnoticias.com.mx\/Portal\/wp-json\/wp\/v2\/posts\/230703\/revisions"}],"predecessor-version":[{"id":230705,"href":"https:\/\/rnoticias.com.mx\/Portal\/wp-json\/wp\/v2\/posts\/230703\/revisions\/230705"}],"wp:featuredmedia":[{"embeddable":true,"href":"https:\/\/rnoticias.com.mx\/Portal\/wp-json\/wp\/v2\/media\/230704"}],"wp:attachment":[{"href":"https:\/\/rnoticias.com.mx\/Portal\/wp-json\/wp\/v2\/media?parent=230703"}],"wp:term":[{"taxonomy":"category","embeddable":true,"href":"https:\/\/rnoticias.com.mx\/Portal\/wp-json\/wp\/v2\/categories?post=230703"},{"taxonomy":"post_tag","embeddable":true,"href":"https:\/\/rnoticias.com.mx\/Portal\/wp-json\/wp\/v2\/tags?post=230703"}],"curies":[{"name":"wp","href":"https:\/\/api.w.org\/{rel}","templated":true}]}}