{"id":230697,"date":"2025-09-27T11:28:15","date_gmt":"2025-09-27T18:28:15","guid":{"rendered":"https:\/\/rnoticias.com.mx\/Portal\/?p=230697"},"modified":"2025-09-27T11:28:15","modified_gmt":"2025-09-27T18:28:15","slug":"celebra-programa-de-arquitectura-sus-primeras-tres-decadas","status":"publish","type":"post","link":"https:\/\/rnoticias.com.mx\/Portal\/2025\/09\/27\/celebra-programa-de-arquitectura-sus-primeras-tres-decadas\/","title":{"rendered":"Celebra programa de Arquitectura sus primeras tres d\u00e9cadas"},"content":{"rendered":"<p>El programa de Arquitectura de la Universidad de Sonora conmemor\u00f3 su 30 aniversario con una emotiva ceremonia que reuni\u00f3 a profesores, estudiantes y egresados para recordar los inicios de esta oferta educativa.<\/p>\n<p>En 1995 este programa abri\u00f3 sus puertas a 80 alumnos, y hoy se ha consolidado como el Departamento de Arquitectura y Dise\u00f1o.<\/p>\n<p>\u201cHace 30 a\u00f1os los fundadores de esta escuela nos regalaron un sue\u00f1o incre\u00edble. Hoy ustedes son parte de ese sue\u00f1o y comparten con nosotros el compromiso de hacer arquitectura, de hacer ciudad, de construir un pa\u00eds mejor, de convertirse en arquitectas y arquitectos pensantes\u201d, expres\u00f3 Javier Liz\u00e1rraga S\u00e1nchez, primer egresado de Arquitectura de la instituci\u00f3n y miembro de la generaci\u00f3n fundadora, ante estudiantes que abarrotaron el Teatro Emiliana de Zubeld\u00eda.<\/p>\n<p>Durante la ceremonia, Enrique Bolado Mart\u00ednez, secretario General Acad\u00e9mico de la Universidad de Sonora, destac\u00f3 el crecimiento del programa que actualmente cuenta con una matr\u00edcula de mil 178 estudiantes y m\u00e1s de dos mil egresados.<\/p>\n<p>El incremento en la cantidad de alumnas y alumnos no ha sido casualidad, sino el reflejo del trabajo diario del personal acad\u00e9mico y administrativo de este departamento. Han sido tres d\u00e9cadas de esfuerzo que en sus primeros d\u00edas comenz\u00f3 literalmente desde el suelo, pues las y los fundadores tomaban clases sin mesabancos, sentados en el piso, record\u00f3.<\/p>\n<p>Destac\u00f3 adem\u00e1s los servicios que distinguen al programa, como el Bufete de Arquitectura, Dise\u00f1o y Urbanismo; el Laboratorio de Energ\u00eda, Medio Ambiente y Arquitectura; el Laboratorio Nacional de Vivienda y Comunidades Sustentables, y el Jard\u00edn Polinizador.<\/p>\n<p>&nbsp;<\/p>\n<p><strong>Homenaje a los maestros fundadores<\/strong><\/p>\n<p>Parte central de la ceremonia fue el homenaje a los maestros fundadores. Bolado Mart\u00ednez y Glenda Bethina Yanes Ordiales, jefa del Departamento de Arquitectura y Dise\u00f1o, entregaron reconocimientos a los profesores fundadores, algunos de ellos a\u00fan en activo en las aulas.<\/p>\n<p>Los homenajeados fueron: Eliot Arturo Almada Olea, Carlos Alberto C\u00e1zares Salcido, Heriberto Encinas Velarde, Adalberto Franco Hughes, Luis Manuel Franco C\u00e1rdenas (finado), Iv\u00e1n Granados Salas, Sergio Ibarra Aldaco, Francisco L\u00f3pez Brambila, Juan Luis Loredo L\u00f3pez, Eugenio Roberto Marcor Ram\u00edrez, Julio C\u00e9sar Marcor Ram\u00edrez, Daniel Mar\u00edn Botello (finado), Jos\u00e9 Antonio Mercado L\u00f3pez, Fernando Salda\u00f1a C\u00f3rdova, Joaqu\u00edn Palacios Mendoza y Contreras (finado), Carlos Vicente Tostado Coss\u00edo y Mar\u00eda Elsa Iturbe Bonilla.<\/p>\n<p>En su mensaje, Yanes Ordiales resalt\u00f3 la importancia de esta comunidad acad\u00e9mica. Dijo que actualmente sus aulas albergan a m\u00e1s de mil 100 estudiantes, atendidos por m\u00e1s de 60 profesores, adem\u00e1s de un equipo de 15 personas de apoyo administrativo y de servicios.<\/p>\n<p>\u201cEn distintos espacios profesionales, particularmente en nuestro estado, pero tambi\u00e9n en el extranjero, se encuentran los m\u00e1s de 2,120 egresados que con orgullo y compromiso nos representan. Por todos ellos, por todos nosotros y por esta gran comunidad que hemos formado durante m\u00e1s de tres d\u00e9cadas, hoy estamos de fiesta\u201d, afirm\u00f3.<\/p>\n<p>Durante la ceremonia estuvieron presentes tambi\u00e9n Mar\u00eda Guadalupe Alpuche Cruz, coordinadora general de la Facultad Interdisciplinaria de Humanidades y Artes; y Juan Carlos G\u00e1lvez Ruiz, director Administrativo del campus Hermosillo.<\/p>\n<p>&nbsp;<\/p>\n<p><strong>Otras actividades conmemorativas<\/strong><\/p>\n<p>Adem\u00e1s de la ceremonia conmemorativa, el 25 de septiembre se realizaron diversas actividades que incluyeron la exposici\u00f3n de proyectos destacados en el patio interior del Departamento de Arquitectura y Dise\u00f1o, la proyecci\u00f3n del documental 30 a\u00f1os del Programa de Arquitectura en el SUM y el Rally 30\u00b0: Construyendo Lazos, que reuni\u00f3 a estudiantes y egresados para fortalecer el sentido de comunidad.<\/p>\n<p>La agenda continuar\u00e1 con actividades recreativas y la conferencia magistral del arquitecto Francisco L\u00f3pez Brambila en el Teatro Emiliano de Zubeld\u00eda. Tambi\u00e9n se llevar\u00e1n a cabo encuentros con egresados a lo largo del semestre, y el 29 de octubre se celebrar\u00e1 un evento especial en el marco de la XXIX Semana de Arquitectura y Dise\u00f1o Gr\u00e1fico, que incluir\u00e1 la develaci\u00f3n de placas conmemorativas.<\/p>\n<p>&nbsp;<\/p>\n","protected":false},"excerpt":{"rendered":"<p>El programa de Arquitectura de la Universidad de Sonora conmemor\u00f3 su 30 aniversario con una emotiva ceremonia que reuni\u00f3 a profesores, estudiantes y egresados para recordar los inicios de esta oferta educativa. En 1995 este programa abri\u00f3 sus puertas a 80 alumnos, y hoy se ha consolidado como el Departamento de Arquitectura y Dise\u00f1o. \u201cHace [&hellip;]<\/p>\n","protected":false},"author":2,"featured_media":230698,"comment_status":"closed","ping_status":"closed","sticky":false,"template":"","format":"standard","meta":{"footnotes":""},"categories":[12870,178],"tags":[12865,12869],"class_list":["post-230697","post","type-post","status-publish","format-standard","has-post-thumbnail","hentry","category-destacadas","category-local","tag-destacadas","tag-local"],"jetpack_featured_media_url":"https:\/\/rnoticias.com.mx\/Portal\/wp-content\/uploads\/2025\/09\/ARQUITECTURA1.jpg","amp_enabled":true,"_links":{"self":[{"href":"https:\/\/rnoticias.com.mx\/Portal\/wp-json\/wp\/v2\/posts\/230697","targetHints":{"allow":["GET"]}}],"collection":[{"href":"https:\/\/rnoticias.com.mx\/Portal\/wp-json\/wp\/v2\/posts"}],"about":[{"href":"https:\/\/rnoticias.com.mx\/Portal\/wp-json\/wp\/v2\/types\/post"}],"author":[{"embeddable":true,"href":"https:\/\/rnoticias.com.mx\/Portal\/wp-json\/wp\/v2\/users\/2"}],"replies":[{"embeddable":true,"href":"https:\/\/rnoticias.com.mx\/Portal\/wp-json\/wp\/v2\/comments?post=230697"}],"version-history":[{"count":1,"href":"https:\/\/rnoticias.com.mx\/Portal\/wp-json\/wp\/v2\/posts\/230697\/revisions"}],"predecessor-version":[{"id":230699,"href":"https:\/\/rnoticias.com.mx\/Portal\/wp-json\/wp\/v2\/posts\/230697\/revisions\/230699"}],"wp:featuredmedia":[{"embeddable":true,"href":"https:\/\/rnoticias.com.mx\/Portal\/wp-json\/wp\/v2\/media\/230698"}],"wp:attachment":[{"href":"https:\/\/rnoticias.com.mx\/Portal\/wp-json\/wp\/v2\/media?parent=230697"}],"wp:term":[{"taxonomy":"category","embeddable":true,"href":"https:\/\/rnoticias.com.mx\/Portal\/wp-json\/wp\/v2\/categories?post=230697"},{"taxonomy":"post_tag","embeddable":true,"href":"https:\/\/rnoticias.com.mx\/Portal\/wp-json\/wp\/v2\/tags?post=230697"}],"curies":[{"name":"wp","href":"https:\/\/api.w.org\/{rel}","templated":true}]}}