{"id":230694,"date":"2025-09-27T11:25:04","date_gmt":"2025-09-27T18:25:04","guid":{"rendered":"https:\/\/rnoticias.com.mx\/Portal\/?p=230694"},"modified":"2025-09-27T11:25:04","modified_gmt":"2025-09-27T18:25:04","slug":"destaca-delegacion-sonora-en-la-olimpiada-mexicana-de-matematicas","status":"publish","type":"post","link":"https:\/\/rnoticias.com.mx\/Portal\/2025\/09\/27\/destaca-delegacion-sonora-en-la-olimpiada-mexicana-de-matematicas\/","title":{"rendered":"Destaca delegaci\u00f3n Sonora en la Olimpiada Mexicana de Matem\u00e1ticas"},"content":{"rendered":"<p>La delegaci\u00f3n estatal, formada y capacitada por docentes de la Universidad de Sonora, logr\u00f3 un destacado desempe\u00f1o en la 9\u00aa Olimpiada Mexicana de Matem\u00e1ticas para Educaci\u00f3n B\u00e1sica, celebrada en Oaxtepec, Morelos, al obtener dos medallas de plata, dos de bronce y cuatro menciones honor\u00edficas.<\/p>\n<p>El equipo estuvo integrado por nueve estudiantes de nivel primaria y secundaria, todos ganadores de la Competencia estatal B\u00faho Matem\u00e1tico, quienes representaron con \u00e9xito a Sonora.<\/p>\n<p>Misael Avenda\u00f1o Camacho, acad\u00e9mico del Departamento de Matem\u00e1ticas y coordinador del programa de entrenamiento por parte de esta casa de estudios, recibi\u00f3 a los menores que fueron acompa\u00f1ados por sus padres, para agradecerles y felicitarlos por los logros alcanzados luego del trabajo conjunto de la instituci\u00f3n y la Secretar\u00eda de Educaci\u00f3n y Cultura (SEC).<\/p>\n<p>Destac\u00f3 que este proyecto cumple con los prop\u00f3sitos fundamentales de difundir las matem\u00e1ticas en el nivel b\u00e1sico y abonar al fomento de las vocaciones cient\u00edficas entre la ni\u00f1ez sonorense.<\/p>\n<p>\u201cEste evento tiene dos prop\u00f3sitos fundamentales, uno es difundir las matem\u00e1ticas en el nivel b\u00e1sico y abonar en el fomento a las vocaciones cient\u00edficas.<\/p>\n<p>\u201cSabemos que los esfuerzos en educaci\u00f3n a nivel b\u00e1sico son muy grandes, tienen muchos retos y uno de ellos es el fomentar y desarrollar el talento que tienen nuestros ni\u00f1os sonorenses, y gracias a esta alianza con la SEC, tenemos esta oportunidad de impactar en ellos\u201d, expres\u00f3.<\/p>\n<p>&nbsp;<\/p>\n<p><strong>Resultados<\/strong><\/p>\n<p>Avenda\u00f1o Camacho mencion\u00f3 que en la 9\u00aa Olimpiada Mexicana de Matem\u00e1ticas, los ganadores de B\u00faho Matem\u00e1tico a nivel estatal obtuvieron dos medallas de plata, dos de bronce y cuatro menciones honor\u00edficas en los tres niveles en los que se particip\u00f3.<\/p>\n<p>En el nivel 1, Francisco Manuel Vallequir obtuvo medalla de plata, y David Sebasti\u00e1n S\u00e1nchez Escobar y Luis Oscar Auy\u00f3n Luna, recibieron menci\u00f3n honor\u00edfica. Todos ellos de Hermosillo.<\/p>\n<p>En el nivel 2, los hermosillenses Ren\u00e9 Corella Pi\u00f1a obtuvo medalla de bronce, mientras que Adri\u00e1n P\u00e9rez Granados y Santiago Romero Meneses recibieron menci\u00f3n honor\u00edfica. Los dos primeros son originarios de esta ciudad y Santiago Romero de Agua Prieta.<\/p>\n<p>En el nivel 3. Sebasti\u00e1n Preciado Molina, de Cananea, obtuvo medalla de bronce, mientras que Fabi\u00e1n Arturo Granados Ibarra, de Hermosillo, gan\u00f3 medalla de plata en la competici\u00f3n.<\/p>\n<p>&nbsp;<\/p>\n<p>Al hablar de los resultados, el coordinador del Programa de Entrenamiento por parte del Departamento de Matem\u00e1ticas de la Unison, dijo que Fabi\u00e1n Arturo y Francisco Manuel, ganadores de medalla de plata, pasaron a formar parte de la preselecci\u00f3n mexicana y participar\u00e1n en los procesos selectivos nacionales para buscar un lugar en la competencia internacional Young Mathematical Competition.<\/p>\n<p>&nbsp;<\/p>\n<p>Emocionados con su participaci\u00f3n<\/p>\n<p>Francisco Manuel Vallequir, Ren\u00e9 Corella Pi\u00f1a, Santiago Romero Meneses y Sebasti\u00e1n Preciado Molina, estuvieron reunidos en la sala audiovisual del Departamento de Matem\u00e1ticas de la Unison de manera presencial y virtual, expresaron estar felices y muy satisfechos por su participaci\u00f3n y por haber obtenido premios y reconocimientos en la etapa nacional.<\/p>\n<p>Adem\u00e1s, resaltaron su gusto por la disciplina y el deseo de continuar estudiando matem\u00e1ticas o alguna carrera relacionada con esta ciencia.<\/p>\n<p>&nbsp;<\/p>\n<p>&nbsp;<\/p>\n<p>&nbsp;<\/p>\n<p>&nbsp;<\/p>\n","protected":false},"excerpt":{"rendered":"<p>La delegaci\u00f3n estatal, formada y capacitada por docentes de la Universidad de Sonora, logr\u00f3 un destacado desempe\u00f1o en la 9\u00aa Olimpiada Mexicana de Matem\u00e1ticas para Educaci\u00f3n B\u00e1sica, celebrada en Oaxtepec, Morelos, al obtener dos medallas de plata, dos de bronce y cuatro menciones honor\u00edficas. El equipo estuvo integrado por nueve estudiantes de nivel primaria y [&hellip;]<\/p>\n","protected":false},"author":2,"featured_media":230695,"comment_status":"closed","ping_status":"closed","sticky":false,"template":"","format":"standard","meta":{"footnotes":""},"categories":[178],"tags":[12869],"class_list":["post-230694","post","type-post","status-publish","format-standard","has-post-thumbnail","hentry","category-local","tag-local"],"jetpack_featured_media_url":"https:\/\/rnoticias.com.mx\/Portal\/wp-content\/uploads\/2025\/09\/MATEMATICAS-ninos-que-participaron-en-la-Olimpiada-Mexicana-de-Matematicas-1.jpg","amp_enabled":true,"_links":{"self":[{"href":"https:\/\/rnoticias.com.mx\/Portal\/wp-json\/wp\/v2\/posts\/230694","targetHints":{"allow":["GET"]}}],"collection":[{"href":"https:\/\/rnoticias.com.mx\/Portal\/wp-json\/wp\/v2\/posts"}],"about":[{"href":"https:\/\/rnoticias.com.mx\/Portal\/wp-json\/wp\/v2\/types\/post"}],"author":[{"embeddable":true,"href":"https:\/\/rnoticias.com.mx\/Portal\/wp-json\/wp\/v2\/users\/2"}],"replies":[{"embeddable":true,"href":"https:\/\/rnoticias.com.mx\/Portal\/wp-json\/wp\/v2\/comments?post=230694"}],"version-history":[{"count":1,"href":"https:\/\/rnoticias.com.mx\/Portal\/wp-json\/wp\/v2\/posts\/230694\/revisions"}],"predecessor-version":[{"id":230696,"href":"https:\/\/rnoticias.com.mx\/Portal\/wp-json\/wp\/v2\/posts\/230694\/revisions\/230696"}],"wp:featuredmedia":[{"embeddable":true,"href":"https:\/\/rnoticias.com.mx\/Portal\/wp-json\/wp\/v2\/media\/230695"}],"wp:attachment":[{"href":"https:\/\/rnoticias.com.mx\/Portal\/wp-json\/wp\/v2\/media?parent=230694"}],"wp:term":[{"taxonomy":"category","embeddable":true,"href":"https:\/\/rnoticias.com.mx\/Portal\/wp-json\/wp\/v2\/categories?post=230694"},{"taxonomy":"post_tag","embeddable":true,"href":"https:\/\/rnoticias.com.mx\/Portal\/wp-json\/wp\/v2\/tags?post=230694"}],"curies":[{"name":"wp","href":"https:\/\/api.w.org\/{rel}","templated":true}]}}