{"id":230688,"date":"2025-09-27T11:17:01","date_gmt":"2025-09-27T18:17:01","guid":{"rendered":"https:\/\/rnoticias.com.mx\/Portal\/?p=230688"},"modified":"2025-09-27T11:17:01","modified_gmt":"2025-09-27T18:17:01","slug":"por-trabajos-de-modernizacion-del-servicio-de-agua-habra-cierre-temporal-en-sector-norte-bajo","status":"publish","type":"post","link":"https:\/\/rnoticias.com.mx\/Portal\/2025\/09\/27\/por-trabajos-de-modernizacion-del-servicio-de-agua-habra-cierre-temporal-en-sector-norte-bajo\/","title":{"rendered":"Por trabajos de modernizaci\u00f3n del servicio de agua, habr\u00e1 cierre temporal en sector norte bajo"},"content":{"rendered":"<p><b><span lang=\"ES\" data-olk-copy-source=\"MessageBody\">Hermosillo, Sonora; 27 de septiembre de 2025.-Dentro <\/span><\/b><span lang=\"ES\">de las acciones del programa de modernizaci\u00f3n de la ciudad y de las obras que se realizan en los cruceros de las vialidades, la Direcci\u00f3n de Desarrollo de Infraestructura solicit\u00f3 al Organismo Operador del Agua el apoyo con el cierre temporal del servicio que abastece el sector norte bajo de la ciudad.<\/span><\/p>\n<p><span lang=\"ES\">\u00a0<\/span><\/p>\n<p><span lang=\"ES\">La suspensi\u00f3n iniciar\u00e1 el d\u00eda<b>\u00a0*domingo 28 de septiembre, a partir de las 10:00 horas,*\u00a0<\/b>en el cruce de Perif\u00e9rico Norte con Israel Gonz\u00e1lez, y tendr\u00e1 una duraci\u00f3n aproximada de 15 horas.<\/span><\/p>\n<p><span lang=\"ES\">\u00a0<\/span><\/p>\n<p><span lang=\"ES\">Los trabajos consisten en la interconexi\u00f3n de una tuber\u00eda de 20 pulgadas, a cargo de una empresa supervisada por la Direcci\u00f3n de Desarrollo de Infraestructura de Hermosillo, con el apoyo del Agua de Hermosillo. Para su ejecuci\u00f3n ser\u00e1 necesario drenar las l\u00edneas de conducci\u00f3n y realizar maniobras especializadas por parte del personal t\u00e9cnico.<\/span><\/p>\n<p><span lang=\"ES\">\u00a0<\/span><\/p>\n<p><span lang=\"ES\">Durante este lapso, las y los habitantes del sector podr\u00e1n experimentar baja presi\u00f3n o intermitencias en el suministro de agua potable. Las colonias que resultar\u00e1n afectadas son: Periodista, Constituci\u00f3n, Pitic, Issste Federal, Modelo, San Benito, Balderrama, Olivares, Choyal, Puesta del Sol, Pimentel y zonas aleda\u00f1as.<\/span><\/p>\n<p><span lang=\"ES\">\u00a0<\/span><\/p>\n<p><span lang=\"ES\">El personal operativo de la paramunicipal inform\u00f3 que, una vez concluidos los trabajos, se reanudar\u00e1 gradualmente el servicio mediante la apertura de v\u00e1lvulas de control y la inyecci\u00f3n de agua a la red de conducci\u00f3n, con el objetivo de normalizar el suministro durante la ma\u00f1ana del lunes 29 de septiembre.<\/span><\/p>\n<p><span lang=\"ES\">\u00a0<\/span><\/p>\n<p><span lang=\"ES\">AguaH agradece la comprensi\u00f3n de la ciudadan\u00eda y recuerda la importancia de contar con sistema de almacenamiento como tinacos en los hogares, a fin de estar preparados ante situaciones extraordinarias como esta.<\/span><\/p>\n","protected":false},"excerpt":{"rendered":"<p>Hermosillo, Sonora; 27 de septiembre de 2025.-Dentro de las acciones del programa de modernizaci\u00f3n de la ciudad y de las obras que se realizan en los cruceros de las vialidades, la Direcci\u00f3n de Desarrollo de Infraestructura solicit\u00f3 al Organismo Operador del Agua el apoyo con el cierre temporal del servicio que abastece el sector norte [&hellip;]<\/p>\n","protected":false},"author":2,"featured_media":230689,"comment_status":"closed","ping_status":"closed","sticky":false,"template":"","format":"standard","meta":{"footnotes":""},"categories":[12870,178],"tags":[12865,12869],"class_list":["post-230688","post","type-post","status-publish","format-standard","has-post-thumbnail","hentry","category-destacadas","category-local","tag-destacadas","tag-local"],"jetpack_featured_media_url":"https:\/\/rnoticias.com.mx\/Portal\/wp-content\/uploads\/2025\/09\/corte20aguaCC20servicio20Hermosillo.webp","amp_enabled":true,"_links":{"self":[{"href":"https:\/\/rnoticias.com.mx\/Portal\/wp-json\/wp\/v2\/posts\/230688","targetHints":{"allow":["GET"]}}],"collection":[{"href":"https:\/\/rnoticias.com.mx\/Portal\/wp-json\/wp\/v2\/posts"}],"about":[{"href":"https:\/\/rnoticias.com.mx\/Portal\/wp-json\/wp\/v2\/types\/post"}],"author":[{"embeddable":true,"href":"https:\/\/rnoticias.com.mx\/Portal\/wp-json\/wp\/v2\/users\/2"}],"replies":[{"embeddable":true,"href":"https:\/\/rnoticias.com.mx\/Portal\/wp-json\/wp\/v2\/comments?post=230688"}],"version-history":[{"count":1,"href":"https:\/\/rnoticias.com.mx\/Portal\/wp-json\/wp\/v2\/posts\/230688\/revisions"}],"predecessor-version":[{"id":230690,"href":"https:\/\/rnoticias.com.mx\/Portal\/wp-json\/wp\/v2\/posts\/230688\/revisions\/230690"}],"wp:featuredmedia":[{"embeddable":true,"href":"https:\/\/rnoticias.com.mx\/Portal\/wp-json\/wp\/v2\/media\/230689"}],"wp:attachment":[{"href":"https:\/\/rnoticias.com.mx\/Portal\/wp-json\/wp\/v2\/media?parent=230688"}],"wp:term":[{"taxonomy":"category","embeddable":true,"href":"https:\/\/rnoticias.com.mx\/Portal\/wp-json\/wp\/v2\/categories?post=230688"},{"taxonomy":"post_tag","embeddable":true,"href":"https:\/\/rnoticias.com.mx\/Portal\/wp-json\/wp\/v2\/tags?post=230688"}],"curies":[{"name":"wp","href":"https:\/\/api.w.org\/{rel}","templated":true}]}}