{"id":230685,"date":"2025-09-27T11:15:24","date_gmt":"2025-09-27T18:15:24","guid":{"rendered":"https:\/\/rnoticias.com.mx\/Portal\/?p=230685"},"modified":"2025-09-27T11:15:24","modified_gmt":"2025-09-27T18:15:24","slug":"impulsa-gobierno-de-sonora-prevencion-de-la-violencia-con-educando-salva-de-la-policia-estatal","status":"publish","type":"post","link":"https:\/\/rnoticias.com.mx\/Portal\/2025\/09\/27\/impulsa-gobierno-de-sonora-prevencion-de-la-violencia-con-educando-salva-de-la-policia-estatal\/","title":{"rendered":"Impulsa Gobierno de Sonora prevenci\u00f3n de la violencia con Educando SALVA de la Polic\u00eda Estatal"},"content":{"rendered":"<p>Hermosillo, Sonora; 27 de septiembre de 2025.\u2013 Con acciones para la prevenci\u00f3n de la violencia, la Secretar\u00eda de Seguridad P\u00fablica (SSP) del Gobierno de Sonora llev\u00f3 el programa Educando SALVA a ni\u00f1as, ni\u00f1os y familias en distintos municipios.<\/p>\n<p>Durante la semana, oficiales de la Divisi\u00f3n Especializada del Sistema de Atenci\u00f3n a la Violencia Familiar y de G\u00e9nero (SALVA) de la Polic\u00eda Estatal de Seguridad P\u00fablica (PESP) beneficiaron a m\u00e1s de 842 personas a trav\u00e9s del programa Educando SALVA en Carb\u00f3, San Pedro de la Cueva, Hermosillo, Tepupa, Batuc y otras comunidades del estado.<\/p>\n<p>Estas pl\u00e1ticas preventivas tienen como objetivo informar a las familias que la violencia familiar es un delito, adem\u00e1s de mostrar los tipos que existen y las formas en que pueden ser atendidas las v\u00edctimas, as\u00ed como la importancia de reportar cualquier situaci\u00f3n que ponga en riesgo la seguridad a la l\u00ednea de emergencias 9-1-1.<\/p>\n<p>La Divisi\u00f3n SALVA de la Polic\u00eda Estatal tambi\u00e9n informa sobre la identificaci\u00f3n de situaciones de violencia, acoso, prevenci\u00f3n del suicidio, consecuencias del uso de sustancias il\u00edcitas, extorsi\u00f3n y el uso de la l\u00ednea 089 de denuncia an\u00f3nima. Asimismo, contin\u00faa trabajando en los municipios para proteger a las familias, brindar atenci\u00f3n oportuna a las denuncias y dar seguimiento a las v\u00edctimas.<\/p>\n","protected":false},"excerpt":{"rendered":"<p>Hermosillo, Sonora; 27 de septiembre de 2025.\u2013 Con acciones para la prevenci\u00f3n de la violencia, la Secretar\u00eda de Seguridad P\u00fablica (SSP) del Gobierno de Sonora llev\u00f3 el programa Educando SALVA a ni\u00f1as, ni\u00f1os y familias en distintos municipios. Durante la semana, oficiales de la Divisi\u00f3n Especializada del Sistema de Atenci\u00f3n a la Violencia Familiar y [&hellip;]<\/p>\n","protected":false},"author":2,"featured_media":230686,"comment_status":"closed","ping_status":"closed","sticky":false,"template":"","format":"standard","meta":{"footnotes":""},"categories":[178],"tags":[12869],"class_list":["post-230685","post","type-post","status-publish","format-standard","has-post-thumbnail","hentry","category-local","tag-local"],"jetpack_featured_media_url":"https:\/\/rnoticias.com.mx\/Portal\/wp-content\/uploads\/2025\/09\/8wq.jpg","amp_enabled":true,"_links":{"self":[{"href":"https:\/\/rnoticias.com.mx\/Portal\/wp-json\/wp\/v2\/posts\/230685","targetHints":{"allow":["GET"]}}],"collection":[{"href":"https:\/\/rnoticias.com.mx\/Portal\/wp-json\/wp\/v2\/posts"}],"about":[{"href":"https:\/\/rnoticias.com.mx\/Portal\/wp-json\/wp\/v2\/types\/post"}],"author":[{"embeddable":true,"href":"https:\/\/rnoticias.com.mx\/Portal\/wp-json\/wp\/v2\/users\/2"}],"replies":[{"embeddable":true,"href":"https:\/\/rnoticias.com.mx\/Portal\/wp-json\/wp\/v2\/comments?post=230685"}],"version-history":[{"count":1,"href":"https:\/\/rnoticias.com.mx\/Portal\/wp-json\/wp\/v2\/posts\/230685\/revisions"}],"predecessor-version":[{"id":230687,"href":"https:\/\/rnoticias.com.mx\/Portal\/wp-json\/wp\/v2\/posts\/230685\/revisions\/230687"}],"wp:featuredmedia":[{"embeddable":true,"href":"https:\/\/rnoticias.com.mx\/Portal\/wp-json\/wp\/v2\/media\/230686"}],"wp:attachment":[{"href":"https:\/\/rnoticias.com.mx\/Portal\/wp-json\/wp\/v2\/media?parent=230685"}],"wp:term":[{"taxonomy":"category","embeddable":true,"href":"https:\/\/rnoticias.com.mx\/Portal\/wp-json\/wp\/v2\/categories?post=230685"},{"taxonomy":"post_tag","embeddable":true,"href":"https:\/\/rnoticias.com.mx\/Portal\/wp-json\/wp\/v2\/tags?post=230685"}],"curies":[{"name":"wp","href":"https:\/\/api.w.org\/{rel}","templated":true}]}}