{"id":230679,"date":"2025-09-27T11:12:36","date_gmt":"2025-09-27T18:12:36","guid":{"rendered":"https:\/\/rnoticias.com.mx\/Portal\/?p=230679"},"modified":"2025-09-27T11:12:36","modified_gmt":"2025-09-27T18:12:36","slug":"gobierno-de-sonora-consolida-su-liderazgo-en-justicia-laboral-con-la-toma-de-protesta-de-la-segunda-generacion-de-conciliadoras-y-conciliadores","status":"publish","type":"post","link":"https:\/\/rnoticias.com.mx\/Portal\/2025\/09\/27\/gobierno-de-sonora-consolida-su-liderazgo-en-justicia-laboral-con-la-toma-de-protesta-de-la-segunda-generacion-de-conciliadoras-y-conciliadores\/","title":{"rendered":"Gobierno de Sonora consolida su liderazgo en justicia laboral con la toma de protesta de la segunda generaci\u00f3n de conciliadoras y conciliadores"},"content":{"rendered":"<p>Hermosillo, Sonora; 27 de septiembre de 2025.- Con el liderazgo del gobernador Alfonso Durazo, Sonora reafirma su compromiso con una justicia laboral eficaz y de calidad, al llevarse a cabo la toma de protesta de la segunda generaci\u00f3n de conciliadoras y conciliadores laborales del estado.<\/p>\n<p>El Gobierno de Sonora, a trav\u00e9s del Centro de Conciliaci\u00f3n Laboral del Estado de Sonora (CCL Sonora), fortalece sus servicios mediante la incorporaci\u00f3n de nuevos perfiles y la ratificaci\u00f3n de profesionales que tendr\u00e1n la misi\u00f3n de mantener a la entidad en el primer lugar nacional en conciliaci\u00f3n laboral, consolidando los mejores resultados en beneficio de trabajadores y empleadores.<\/p>\n<p>El director general del CCL Sonora, Omar Arturo Murrieta Gin\u00e9s, presidi\u00f3 el evento en el que tomaron protesta 28 conciliadoras y conciliadores. Durante la ceremonia, el secretario del Trabajo, David Fernando Soto Alday, dirigi\u00f3 un mensaje de bienvenida en el que destac\u00f3 la responsabilidad que implica este nombramiento e invit\u00f3 a las y los nuevos integrantes a ejercer con esmero su labor en favor de la ciudadan\u00eda sonorense.<\/p>\n<p>Como parte del programa, las y los nuevos conciliadores participaron en una jornada de capacitaci\u00f3n con especialistas en derecho y con integrantes de la primera generaci\u00f3n, quienes compartieron experiencias y casos pr\u00e1cticos que han permitido fortalecer la confianza ciudadana en este modelo de justicia laboral.<\/p>\n<p>Desde el Centro de Conciliaci\u00f3n Laboral del Estado de Sonora se reconoce y agradece a la primera generaci\u00f3n de conciliadoras y conciliadores, cuyo profesionalismo y compromiso hicieron posible que Sonora alcanzara el liderazgo nacional en conciliaci\u00f3n laboral, marcando la pauta para quienes hoy se incorporan.<\/p>\n<p>Con la integraci\u00f3n de esta segunda generaci\u00f3n, el Gobierno de Sonora refrenda su convicci\u00f3n de que el di\u00e1logo y la conciliaci\u00f3n son la v\u00eda m\u00e1s humana y efectiva para la soluci\u00f3n de los conflictos de trabajo, consolidando al estado como un referente nacional en justicia laboral.<\/p>\n","protected":false},"excerpt":{"rendered":"<p>Hermosillo, Sonora; 27 de septiembre de 2025.- Con el liderazgo del gobernador Alfonso Durazo, Sonora reafirma su compromiso con una justicia laboral eficaz y de calidad, al llevarse a cabo la toma de protesta de la segunda generaci\u00f3n de conciliadoras y conciliadores laborales del estado. El Gobierno de Sonora, a trav\u00e9s del Centro de Conciliaci\u00f3n [&hellip;]<\/p>\n","protected":false},"author":2,"featured_media":230680,"comment_status":"closed","ping_status":"closed","sticky":false,"template":"","format":"standard","meta":{"footnotes":""},"categories":[178],"tags":[12869],"class_list":["post-230679","post","type-post","status-publish","format-standard","has-post-thumbnail","hentry","category-local","tag-local"],"jetpack_featured_media_url":"https:\/\/rnoticias.com.mx\/Portal\/wp-content\/uploads\/2025\/09\/021.jpg","amp_enabled":true,"_links":{"self":[{"href":"https:\/\/rnoticias.com.mx\/Portal\/wp-json\/wp\/v2\/posts\/230679","targetHints":{"allow":["GET"]}}],"collection":[{"href":"https:\/\/rnoticias.com.mx\/Portal\/wp-json\/wp\/v2\/posts"}],"about":[{"href":"https:\/\/rnoticias.com.mx\/Portal\/wp-json\/wp\/v2\/types\/post"}],"author":[{"embeddable":true,"href":"https:\/\/rnoticias.com.mx\/Portal\/wp-json\/wp\/v2\/users\/2"}],"replies":[{"embeddable":true,"href":"https:\/\/rnoticias.com.mx\/Portal\/wp-json\/wp\/v2\/comments?post=230679"}],"version-history":[{"count":1,"href":"https:\/\/rnoticias.com.mx\/Portal\/wp-json\/wp\/v2\/posts\/230679\/revisions"}],"predecessor-version":[{"id":230681,"href":"https:\/\/rnoticias.com.mx\/Portal\/wp-json\/wp\/v2\/posts\/230679\/revisions\/230681"}],"wp:featuredmedia":[{"embeddable":true,"href":"https:\/\/rnoticias.com.mx\/Portal\/wp-json\/wp\/v2\/media\/230680"}],"wp:attachment":[{"href":"https:\/\/rnoticias.com.mx\/Portal\/wp-json\/wp\/v2\/media?parent=230679"}],"wp:term":[{"taxonomy":"category","embeddable":true,"href":"https:\/\/rnoticias.com.mx\/Portal\/wp-json\/wp\/v2\/categories?post=230679"},{"taxonomy":"post_tag","embeddable":true,"href":"https:\/\/rnoticias.com.mx\/Portal\/wp-json\/wp\/v2\/tags?post=230679"}],"curies":[{"name":"wp","href":"https:\/\/api.w.org\/{rel}","templated":true}]}}