{"id":230676,"date":"2025-09-27T11:11:43","date_gmt":"2025-09-27T18:11:43","guid":{"rendered":"https:\/\/rnoticias.com.mx\/Portal\/?p=230676"},"modified":"2025-09-27T11:11:43","modified_gmt":"2025-09-27T18:11:43","slug":"impulsa-gobierno-de-sonora-atencion-preventiva-con-jornadas-de-salud-colectiva","status":"publish","type":"post","link":"https:\/\/rnoticias.com.mx\/Portal\/2025\/09\/27\/impulsa-gobierno-de-sonora-atencion-preventiva-con-jornadas-de-salud-colectiva\/","title":{"rendered":"Impulsa Gobierno de Sonora atenci\u00f3n preventiva con Jornadas de Salud Colectiva"},"content":{"rendered":"<p>Hermosillo, Sonora; 27 de septiembre de 2025.- Con el firme compromiso de acercar los servicios de salud a las comunidades m\u00e1s necesitadas, el Gobierno de Sonora, a trav\u00e9s de la Secretar\u00eda de Salud P\u00fablica, en coordinaci\u00f3n con el Distrito de Salud para el Bienestar y los ayuntamientos de Puerto Pe\u00f1asco, San Luis R\u00edo Colorado y Sonoyta, llev\u00f3 a cabo Jornadas de Salud Colectiva mediante las Cl\u00ednicas M\u00f3viles de Medicina Preventiva, en conjunto con IMSS-Bienestar.<\/p>\n<p>Estas jornadas brindaron atenciones enfocadas en la promoci\u00f3n de la salud y la prevenci\u00f3n de enfermedades, priorizando el bienestar de las y los sonorenses a trav\u00e9s de servicios integrales, gratuitos y accesibles. La estrategia responde al objetivo de fortalecer la cobertura m\u00e9dica en zonas de dif\u00edcil acceso y en poblaciones en situaci\u00f3n de vulnerabilidad.<\/p>\n<p>Entre los servicios otorgados destacaron la atenci\u00f3n gerontol\u00f3gica para personas adultas mayores, as\u00ed como consultas de salud mental y atenci\u00f3n a las adicciones, con el objetivo de contribuir al bienestar emocional y psicol\u00f3gico de la poblaci\u00f3n, una de las prioridades actuales en materia de salud p\u00fablica.<\/p>\n<p>Asimismo, se realizaron ex\u00e1menes de agudeza visual para la detecci\u00f3n oportuna de deficiencias \u00f3pticas; consultas de medicina preventiva para el seguimiento general de la salud y detecci\u00f3n de factores de riesgo; as\u00ed como tamizajes para la detecci\u00f3n de c\u00e1ncer infantil, reforzando la vigilancia m\u00e9dica en este grupo prioritario.<\/p>\n<p>Tambi\u00e9n se brindaron servicios de consejer\u00eda y pruebas r\u00e1pidas para la detecci\u00f3n de infecciones de transmisi\u00f3n sexual (ITS), con enfoque en la educaci\u00f3n sexual responsable, la prevenci\u00f3n y el cuidado integral de la salud reproductiva.<\/p>\n<p>La Secretar\u00eda de Salud P\u00fablica de Sonora agradece el esfuerzo conjunto entre los distintos niveles de gobierno, instituciones de salud y autoridades municipales, y reitera su compromiso de seguir trabajando por el acceso universal a servicios de salud de calidad, con un enfoque preventivo, equitativo y comunitario.<\/p>\n","protected":false},"excerpt":{"rendered":"<p>Hermosillo, Sonora; 27 de septiembre de 2025.- Con el firme compromiso de acercar los servicios de salud a las comunidades m\u00e1s necesitadas, el Gobierno de Sonora, a trav\u00e9s de la Secretar\u00eda de Salud P\u00fablica, en coordinaci\u00f3n con el Distrito de Salud para el Bienestar y los ayuntamientos de Puerto Pe\u00f1asco, San Luis R\u00edo Colorado y [&hellip;]<\/p>\n","protected":false},"author":2,"featured_media":230677,"comment_status":"closed","ping_status":"closed","sticky":false,"template":"","format":"standard","meta":{"footnotes":""},"categories":[178],"tags":[12869],"class_list":["post-230676","post","type-post","status-publish","format-standard","has-post-thumbnail","hentry","category-local","tag-local"],"jetpack_featured_media_url":"https:\/\/rnoticias.com.mx\/Portal\/wp-content\/uploads\/2025\/09\/13w.jpg","amp_enabled":true,"_links":{"self":[{"href":"https:\/\/rnoticias.com.mx\/Portal\/wp-json\/wp\/v2\/posts\/230676","targetHints":{"allow":["GET"]}}],"collection":[{"href":"https:\/\/rnoticias.com.mx\/Portal\/wp-json\/wp\/v2\/posts"}],"about":[{"href":"https:\/\/rnoticias.com.mx\/Portal\/wp-json\/wp\/v2\/types\/post"}],"author":[{"embeddable":true,"href":"https:\/\/rnoticias.com.mx\/Portal\/wp-json\/wp\/v2\/users\/2"}],"replies":[{"embeddable":true,"href":"https:\/\/rnoticias.com.mx\/Portal\/wp-json\/wp\/v2\/comments?post=230676"}],"version-history":[{"count":1,"href":"https:\/\/rnoticias.com.mx\/Portal\/wp-json\/wp\/v2\/posts\/230676\/revisions"}],"predecessor-version":[{"id":230678,"href":"https:\/\/rnoticias.com.mx\/Portal\/wp-json\/wp\/v2\/posts\/230676\/revisions\/230678"}],"wp:featuredmedia":[{"embeddable":true,"href":"https:\/\/rnoticias.com.mx\/Portal\/wp-json\/wp\/v2\/media\/230677"}],"wp:attachment":[{"href":"https:\/\/rnoticias.com.mx\/Portal\/wp-json\/wp\/v2\/media?parent=230676"}],"wp:term":[{"taxonomy":"category","embeddable":true,"href":"https:\/\/rnoticias.com.mx\/Portal\/wp-json\/wp\/v2\/categories?post=230676"},{"taxonomy":"post_tag","embeddable":true,"href":"https:\/\/rnoticias.com.mx\/Portal\/wp-json\/wp\/v2\/tags?post=230676"}],"curies":[{"name":"wp","href":"https:\/\/api.w.org\/{rel}","templated":true}]}}