{"id":230667,"date":"2025-09-27T10:31:05","date_gmt":"2025-09-27T17:31:05","guid":{"rendered":"https:\/\/rnoticias.com.mx\/Portal\/?p=230667"},"modified":"2025-09-27T10:31:05","modified_gmt":"2025-09-27T17:31:05","slug":"boccia-sonorense-punta-de-lanza-a-nivel-nacional","status":"publish","type":"post","link":"https:\/\/rnoticias.com.mx\/Portal\/2025\/09\/27\/boccia-sonorense-punta-de-lanza-a-nivel-nacional\/","title":{"rendered":"Boccia sonorense, punta de lanza a nivel nacional"},"content":{"rendered":"<p>Hermosillo, Sonora, 27 de septiembre del 2025.- Tras liderar el medallero en Aguascalientes, el boccia sonorense se consolid\u00f3 como un referente en el pa\u00eds, pues alcanz\u00f3 su tercer cetro en las \u00faltimas cinco ediciones nacionales.<\/p>\n<p>Y es que el equipo de nuestra entidad de dicha disciplina paral\u00edmpica conquist\u00f3 siete medallas, cuatro de oro, dos de plata y una de bronce, repartidas en las modalidades de Individual, Equipos y Parejas, para encabezar la tabla de medallas en el evento con sede en la capital hidroc\u00e1lida.<\/p>\n<p>Carlos Antulio Gonz\u00e1lez, entrenador del seleccionado sonorense de boccia, indic\u00f3 que los resultados de sus pupilos fueron excelentes, al conseguir llegar a seis finales, de las cuales ganaron cuatro, coloc\u00e1ndose en la mitad de las disputas por el oro en el certamen nacional.<\/p>\n<p>Adem\u00e1s, destac\u00f3 el trabajo de los paratletas para mantenerse entre las dos mejores entidades en la Paralimpiada Nacional en las \u00faltimos cinco ediciones, pues el campeonato de Aguascalientes viene a sumarse al de Hermosillo en el 2022 y al de Colima en el 2019, mientras que en el 2023 (Quintana Roo) y 2024 (Oaxaca) terminaron en el segundo sitio general. Cabe destacar que el 2020 y 2021 no hubo competencias por la pandemia.<\/p>\n<p>De igual forma Gonz\u00e1lez Almaraz indic\u00f3 que seguir\u00e1 la acci\u00f3n del boccia sonorense ahora a nivel internacional, pues Luzdana Paredes y Sebasti\u00e1n Soqui estar\u00e1n en los Juegos Parapanamericanos Juveniles en Santiago de Chile, a su vez, en el plano de la categor\u00eda Mayor, Dubir Paredes y Addiel Ocampo, competir\u00e1n en un torneo en Colombia, selectivo para la Copa del Mundo 2016 a desarrollarse en Se\u00fal, Corea.<\/p>\n","protected":false},"excerpt":{"rendered":"<p>Hermosillo, Sonora, 27 de septiembre del 2025.- Tras liderar el medallero en Aguascalientes, el boccia sonorense se consolid\u00f3 como un referente en el pa\u00eds, pues alcanz\u00f3 su tercer cetro en las \u00faltimas cinco ediciones nacionales. Y es que el equipo de nuestra entidad de dicha disciplina paral\u00edmpica conquist\u00f3 siete medallas, cuatro de oro, dos de [&hellip;]<\/p>\n","protected":false},"author":2,"featured_media":230668,"comment_status":"closed","ping_status":"closed","sticky":false,"template":"","format":"standard","meta":{"footnotes":""},"categories":[188,12870],"tags":[5231,12865],"class_list":["post-230667","post","type-post","status-publish","format-standard","has-post-thumbnail","hentry","category-deportes","category-destacadas","tag-deportes","tag-destacadas"],"jetpack_featured_media_url":"https:\/\/rnoticias.com.mx\/Portal\/wp-content\/uploads\/2025\/09\/1q.jpg","amp_enabled":true,"_links":{"self":[{"href":"https:\/\/rnoticias.com.mx\/Portal\/wp-json\/wp\/v2\/posts\/230667","targetHints":{"allow":["GET"]}}],"collection":[{"href":"https:\/\/rnoticias.com.mx\/Portal\/wp-json\/wp\/v2\/posts"}],"about":[{"href":"https:\/\/rnoticias.com.mx\/Portal\/wp-json\/wp\/v2\/types\/post"}],"author":[{"embeddable":true,"href":"https:\/\/rnoticias.com.mx\/Portal\/wp-json\/wp\/v2\/users\/2"}],"replies":[{"embeddable":true,"href":"https:\/\/rnoticias.com.mx\/Portal\/wp-json\/wp\/v2\/comments?post=230667"}],"version-history":[{"count":1,"href":"https:\/\/rnoticias.com.mx\/Portal\/wp-json\/wp\/v2\/posts\/230667\/revisions"}],"predecessor-version":[{"id":230669,"href":"https:\/\/rnoticias.com.mx\/Portal\/wp-json\/wp\/v2\/posts\/230667\/revisions\/230669"}],"wp:featuredmedia":[{"embeddable":true,"href":"https:\/\/rnoticias.com.mx\/Portal\/wp-json\/wp\/v2\/media\/230668"}],"wp:attachment":[{"href":"https:\/\/rnoticias.com.mx\/Portal\/wp-json\/wp\/v2\/media?parent=230667"}],"wp:term":[{"taxonomy":"category","embeddable":true,"href":"https:\/\/rnoticias.com.mx\/Portal\/wp-json\/wp\/v2\/categories?post=230667"},{"taxonomy":"post_tag","embeddable":true,"href":"https:\/\/rnoticias.com.mx\/Portal\/wp-json\/wp\/v2\/tags?post=230667"}],"curies":[{"name":"wp","href":"https:\/\/api.w.org\/{rel}","templated":true}]}}